{"id":58570,"date":"2023-04-05T09:47:05","date_gmt":"2023-04-05T08:47:05","guid":{"rendered":"https:\/\/old.mercatflors.cat\/?p=58570"},"modified":"2023-05-02T06:11:56","modified_gmt":"2023-05-02T05:11:56","slug":"workshop-constelacion-lia-rodrigues","status":"publish","type":"post","link":"https:\/\/old.mercatflors.cat\/es\/actualidad\/workshop-constelacion-lia-rodrigues\/","title":{"rendered":"WORKSHOP CONSTELACI\u00d3N LIA RODRIGUES"},"content":{"rendered":"<p><strong>CONVOCATORIA ABIERTA PARA CORE\u00d3GRAFOS E INT\u00c9RPRETES PROFESIONALES<\/strong><\/p>\n<p>El Mercat de les Flors, dentro de la Constelaci\u00f3n de Lia Rodrigues, realizar\u00e1 un workshop con los bailarines de esta compa\u00f1\u00eda dirigido a bailarines, core\u00f3grafos, int\u00e9rpretes y otros artistas con v\u00ednculos con el mundo profesional de la danza.Este taller pretende descubrir nuevas posibilidades de expresi\u00f3n a trav\u00e9s del movimiento y estimula el potencial creativo de cada participante con ejercicios e improvisaciones guiadas. Se desarrollar\u00e1 una manera particular de movimiento y de expresi\u00f3n que cada persona lleva sobre su propio cuerpo.<\/p>\n<p><strong><u>CALENDARIO DE LA CONVOCATORIA<\/u><\/strong><strong>:<\/strong><\/p>\n<ul>\n<li>Fecha de inscripciones: del <strong>martes 11 de abril al martes 25 de abril. <\/strong><\/li>\n<li>Taller: <strong>domingo 30 de abril y lunes 1 de mayo de 10.30 h a 13.30 h<\/strong> en la sala MAC (Maria Aur\u00e8lia Capmany).<\/li>\n<\/ul>\n<p><strong><u>REQUISITOS DE LAS PERSONAS INTERESADAS:<\/u><\/strong><\/p>\n<ul>\n<li>El taller tiene un COSTE de <strong>30 \u20ac<\/strong>.<\/li>\n<li>Hay <strong>20 plazas<\/strong> para bailarines\/core\u00f3grafos profesionales disponibles que se otorgar\u00e1n por orden de inscripci\u00f3n y breve curr\u00edculum .<\/li>\n<li><strong>Disponibilidad y compromiso el d\u00eda y el horario del taller.<\/strong><\/li>\n<\/ul>\n<p><strong>INFORMACI\u00d3N E INSCRIPCI\u00d3N A LA CONVOCATORIA:<\/strong><\/p>\n<p>Para la inscripci\u00f3n al taller se requiere hacer el pago del coste del mismo y enviar ficha de inscripci\u00f3n + un breve CV.<\/p>\n<p>1\/ <u>Env\u00edo de ficha de inscripci\u00f3n y CV sintetizado a<\/u>:<\/p>\n<p><a href=\"mailto:participa@mercatflors.cat\">participa@mercatflors.cat<\/a> \u2013 Ref. \u201c<strong>Workshop Lia Rodrigues <\/strong><strong>\u201d<\/strong><\/p>\n<p>Ficha de inscripci\u00f3n <a href=\"https:\/\/old.mercatflors.cat\/wp-content\/uploads\/2023\/04\/Ficha-inscripci\u00f3n-WORKSHOP-CONSTELACI\u00d3N-LIA-RODRIGUES.pdf\"><span style=\"color: #0000ff;\"><u>AQU\u00cd<\/u><\/span><\/a><\/p>\n<p>2\/ <u>Hacer el pago<\/u> correspondiente en el enlace que facilitaremos a las personas seleccionadas.<\/p>\n<p><strong>\u00a0<\/strong><\/p>\n<p><strong>\u00a0<\/strong><\/p>\n<p><strong>\u00a0<\/strong><\/p>\n<p><strong>\u00a0<\/strong><\/p>\n","protected":false},"excerpt":{"rendered":"<p>CONVOCATORIA ABIERTA PARA CORE\u00d3GRAFOS E INT\u00c9RPRETES PROFESIONALES El Mercat de [&hellip;]<\/p>\n","protected":false},"author":1,"featured_media":0,"comment_status":"open","ping_status":"open","sticky":false,"template":"","format":"standard","meta":[],"categories":[16],"tags":[],"_links":{"self":[{"href":"https:\/\/old.mercatflors.cat\/es\/wp-json\/wp\/v2\/posts\/58570\/"}],"collection":[{"href":"https:\/\/old.mercatflors.cat\/es\/wp-json\/wp\/v2\/posts\/"}],"about":[{"href":"https:\/\/old.mercatflors.cat\/es\/wp-json\/wp\/v2\/types\/post\/"}],"author":[{"embeddable":true,"href":"https:\/\/old.mercatflors.cat\/es\/wp-json\/wp\/v2\/users\/1\/"}],"replies":[{"embeddable":true,"href":"https:\/\/old.mercatflors.cat\/es\/wp-json\/wp\/v2\/comments\/?post=58570"}],"version-history":[{"count":0,"href":"https:\/\/old.mercatflors.cat\/es\/wp-json\/wp\/v2\/posts\/58570\/revisions\/"}],"wp:attachment":[{"href":"https:\/\/old.mercatflors.cat\/es\/wp-json\/wp\/v2\/media\/?parent=58570"}],"wp:term":[{"taxonomy":"category","embeddable":true,"href":"https:\/\/old.mercatflors.cat\/es\/wp-json\/wp\/v2\/categories\/?post=58570"},{"taxonomy":"post_tag","embeddable":true,"href":"https:\/\/old.mercatflors.cat\/es\/wp-json\/wp\/v2\/tags\/?post=58570"}],"curies":[{"name":"wp","href":"https:\/\/api.w.org\/{rel}","templated":true}]}}