{"id":58596,"date":"2023-04-13T11:08:16","date_gmt":"2023-04-13T10:08:16","guid":{"rendered":"https:\/\/old.mercatflors.cat\/?p=58596"},"modified":"2023-04-24T14:40:09","modified_gmt":"2023-04-24T13:40:09","slug":"sant-jordi-en-el-mercat-de-les-flors","status":"publish","type":"post","link":"https:\/\/old.mercatflors.cat\/es\/actualidad\/sant-jordi-en-el-mercat-de-les-flors\/","title":{"rendered":"Sant Jordi en el Mercat de les Flors"},"content":{"rendered":"<p>Celebramos el D\u00eda de Sant Jordi con diversas actividades que tendr\u00e1n lugar durante todo el d\u00eda.<\/p>\n<ul>\n<li><strong>De las 12 h a las 13.30 h<\/strong>:\u00a0<strong>Cesc Gelabert y Pere Faura firmar\u00e1n ejemplares<\/strong>\u00a0de sus libros.<\/li>\n<li><strong>De las 12 h a las 18 h<\/strong>: para presentar su libro,\u00a0<strong>Andr\u00e9s Corchero<\/strong> har\u00e1 en la sala SG del Mercat una nueva actuaci\u00f3n de la <strong>performance duracional\u00a0<em>Atrapar l\u2019instant, tocar l\u2019ara<\/em><\/strong><em>,<\/em><strong>\u00a0<\/strong>una pieza de larga duraci\u00f3n que parte del concepto del aqu\u00ed y el ahora, en la que Corchero estar\u00e1 y\/o bailar\u00e1 en este espacio compartiendo absolutamente todo con el p\u00fablico, en una intimidad absoluta. \u201cLo <em>que experimentaremos juntos en estas horas es el tiempo en s\u00ed mismo y nuestra intimidad. Lo que vivimos ser\u00e1 el momento presente y ser\u00e1 \u00fanico. Ven a \u201cestar\u201d. Puedes estar el tiempo que quieras. Entrar y salir cuando quieras. Venir, marchar y volver, si te apetece. Pero cuando est\u00e9s, atrapa el instante, toca el ahora<\/em>\u201d. Acceso libre.<\/li>\n<li><strong>Todo el d\u00eda a partir de las 12 h<\/strong>: podr\u00e1s comprar con un descuento del 10% los<strong>\u00a04 libros de la colecci\u00f3n Paragraf\u00edas<\/strong>, editada por el Mercat de les Flors, el Institut del Teatre y la editorial Comanegra, sobre los universos creativos de core\u00f3grafos. Hasta el momento se han editado sobre Cesc Gelabert, Pere Faura y Marina Mascarell, y por Sant Jordi tendremos el nuevo volumen de Andr\u00e9s Corchero,\u00a0<em><strong>Paragraf\u00edas #4.\u00a0<\/strong><strong>En este mundo tiene que haber de todo.<\/strong><\/em><\/li>\n<\/ul>\n<p>La terraza del bar del Mercat\u00a0<strong>La Sole\u00e0\u00a0<\/strong>estar\u00e1 abierta.<\/p>\n<ul>\n<li><strong>A las 18.15 h<\/strong>: <strong>Andr\u00e9s Corchero<\/strong>\u00a0presentar\u00e1, junto a la editora del libro B\u00e0rbara Raubert, el volumen n\u00famero 4 de la colecci\u00f3n, que lleva el t\u00edtulo<em> <strong>Paragraf\u00edas #4.<\/strong>\u00a0<strong>En este mundo tiene que haber de todo<\/strong>,<\/em> y firmar\u00e1 ejemplares.<\/li>\n<li><strong>A las 19.15\u00a0h<\/strong>: la core\u00f3grafa\u00a0<strong>N\u00faria Guiu<\/strong>\u00a0presentar\u00e1 su cuaderno, dos cap\u00edtulos de una recopilaci\u00f3n de conversaciones mantenidas con un grupo de cinco j\u00f3venes artistas (de entre 21 y 27 a\u00f1os) en la f\u00e1brica de creaci\u00f3n Graner de Barcelona durante el oto\u00f1o de 2021. Estas conversaciones han tenido lugar en el marco de creaci\u00f3n de la performance\u00a0<em>Cyberexorcisme<\/em>, que fue estrenada en el Mercat de les Flors en mayo de 2022 y vuelve a presentarse los d\u00edas 21, 22 y 23 de abril de este a\u00f1o en el Mercat.<\/li>\n<li><strong>Y al atardecer<\/strong> podr\u00e1s ver <em><a href=\"https:\/\/old.mercatflors.cat\/es\/espectacle\/cyberexorcisme-2\/\">Cyberexorcisme\u00a0de N\u00faria Guiu<\/a><\/em> a las 20:30 h y el solo\u00a0<em><a href=\"https:\/\/old.mercatflors.cat\/es\/espectacle\/metropolis\/\">Metr\u00f2polis, de Volmir Cordeiro<\/a><\/em> a las 19 h. <strong>PROMOCI\u00d3N DE SANT JORDI: <\/strong>introduciendo <strong>el c\u00f3digo promocional SANT JORDI <\/strong>al final de la compra en la web del Mercat, podr\u00e1s adquirir hasta 2 entradas con descuentos del 50% (8 \u20ac) para <em>Cyberexorcisme<\/em>.\u00a0El n\u00famero de entradas con descuento es limitado.<\/li>\n<\/ul>\n<p>\u00a1Ven a celebrar el D\u00eda de Sant Jordi m\u00e1s bailado de la ciudad!<\/p>\n","protected":false},"excerpt":{"rendered":"<p>Celebramos el D\u00eda de Sant Jordi con diversas actividades que [&hellip;]<\/p>\n","protected":false},"author":1,"featured_media":0,"comment_status":"open","ping_status":"open","sticky":false,"template":"","format":"standard","meta":[],"categories":[16],"tags":[],"_links":{"self":[{"href":"https:\/\/old.mercatflors.cat\/es\/wp-json\/wp\/v2\/posts\/58596\/"}],"collection":[{"href":"https:\/\/old.mercatflors.cat\/es\/wp-json\/wp\/v2\/posts\/"}],"about":[{"href":"https:\/\/old.mercatflors.cat\/es\/wp-json\/wp\/v2\/types\/post\/"}],"author":[{"embeddable":true,"href":"https:\/\/old.mercatflors.cat\/es\/wp-json\/wp\/v2\/users\/1\/"}],"replies":[{"embeddable":true,"href":"https:\/\/old.mercatflors.cat\/es\/wp-json\/wp\/v2\/comments\/?post=58596"}],"version-history":[{"count":0,"href":"https:\/\/old.mercatflors.cat\/es\/wp-json\/wp\/v2\/posts\/58596\/revisions\/"}],"wp:attachment":[{"href":"https:\/\/old.mercatflors.cat\/es\/wp-json\/wp\/v2\/media\/?parent=58596"}],"wp:term":[{"taxonomy":"category","embeddable":true,"href":"https:\/\/old.mercatflors.cat\/es\/wp-json\/wp\/v2\/categories\/?post=58596"},{"taxonomy":"post_tag","embeddable":true,"href":"https:\/\/old.mercatflors.cat\/es\/wp-json\/wp\/v2\/tags\/?post=58596"}],"curies":[{"name":"wp","href":"https:\/\/api.w.org\/{rel}","templated":true}]}}