{"id":586,"date":"2012-05-09T11:20:40","date_gmt":"2012-05-09T11:20:40","guid":{"rendered":"https:\/\/old.mercatflors.cat\/?p=586"},"modified":"2012-07-20T11:21:13","modified_gmt":"2012-07-20T11:21:13","slug":"tres-centros-publicos-graner-lestruch-y-caet-se-unen-para-impulsar-los-lenguajes-escenicos-contemporaneos","status":"publish","type":"post","link":"https:\/\/old.mercatflors.cat\/es\/actualidad\/tres-centros-publicos-graner-lestruch-y-caet-se-unen-para-impulsar-los-lenguajes-escenicos-contemporaneos\/","title":{"rendered":"Tres centros p\u00fablicos, Graner, L\u2019Estruch y CAET,  se unen para impulsar los lenguajes esc\u00e9nicos contempor\u00e1neos"},"content":{"rendered":"<p>Dos f\u00e1bricas de creaci\u00f3n (Graner y Estruch) y un centro de producci\u00f3n territorial (el CAET-Centro de artes esc\u00e9nicas de Terrassa) suman sus activos y sinergias para dar un impulso decidido a la creaci\u00f3n contempor\u00e1nea de nuestro pa\u00eds.<\/p>\n<p>El trabajo en colaboraci\u00f3n no s\u00f3lo suma, sino que potencia el efecto de los diferentes apoyos que ofrece cada entidad por separado. Es por eso que el primer paso ha sido la constituci\u00f3n de una comisi\u00f3n art\u00edstica -formada por representantes de los tres centros- que decide qu\u00e9 proyectos formar\u00e1n parte del programa.<\/p>\n<p>Los seleccionados tendr\u00e1n la oportunidad de hacer el trabajo de creaci\u00f3n inicial, ensayos y producci\u00f3n en las instalaciones del Graner de Barcelona, espacio de creaci\u00f3n vinculado al Mercat de les Flors; despu\u00e9s podr\u00e1n trabajar la t\u00e9cnica y realizar los ensayos finales en L\u2019Estruch de Sabadell para finalmente llegar al estreno del espect\u00e1culo dentro del festival TNT-Terrassa Noves Tend\u00e8ncies que este a\u00f1o tendr\u00e1 lugar del 4 al 7 de octubre en Terrassa. Adem\u00e1s de la difusi\u00f3n que supone el estreno dentro del marco de un festival de estas caracter\u00edsticas, orientado exclusivamente a la difusi\u00f3n de los lenguajes esc\u00e9nicos m\u00e1s contempor\u00e1neos, el CAET apoyar\u00e1 econ\u00f3micamente en forma de coproducci\u00f3n para promover la inserci\u00f3n de estas creaciones en el mercado.<\/p>\n<p><span style=\"text-decoration: underline;\"><strong>M\u00e1s informaci\u00f3n sobre los tres centros<\/strong>:<\/span><\/p>\n<p><strong>El Graner<\/strong>\u00a0es el nuevo centro de investigaci\u00f3n y creaci\u00f3n de profundizaci\u00f3n del lenguaje del cuerpo y el movimiento. Dentro del programa F\u00e1bricas de Creaci\u00f3n del Ayuntamiento de Barcelona, cuenta con la gesti\u00f3n del Mercat de les Flors, con el apoyo de las Asociaciones de Profesionales y de Compa\u00f1\u00edas de Danza de Catalunya.\u00a0<a href=\"http:\/\/www.granerbcn.cat\/\" target=\"_blank\">GRANER<\/a><\/p>\n<p>L\u2019<strong>Estruch<\/strong>\u00a0es un centro cultural municipal inaugurado en 1995 y situado en el barrio de la Creu Alta de Sabadell. Est\u00e1 dedicado a la producci\u00f3n, la difusi\u00f3n y la formaci\u00f3n art\u00edstica contempor\u00e1nea y centrado en las artes en vivo: el teatre, la danza, el circo, la m\u00fasica, la imagen y las artes visuales y perform\u00e1ticas.\u00a0<a href=\"http:\/\/www.lestruch.cat\/\">L&#8217;ESTRUCH<\/a><\/p>\n<p>El\u00a0<strong>Centro de artes esc\u00e9nicas de Terrassa (CAET)<\/strong>\u00a0es uno de los centros territoriales p\u00fablicos de creaci\u00f3n, producci\u00f3n y difusi\u00f3n de artes esc\u00e9nicas participados por la Generalitat de Catalunya.\u00a0 Creado en 2006, actualmente bajo la direcci\u00f3n art\u00edstica de Pep Pla, de Terrassa, el CAET apuesta por el apoyo a la creaci\u00f3n contempor\u00e1nea y a las nuevas tendencias. Adem\u00e1s, el CAET es el centro organizador del Festival TNT | Terrassa Noves Tend\u00e8ncies.\u00a0<a href=\"http:\/\/www.caet.cat\/\" target=\"_blank\">CAET<\/a><\/p>\n","protected":false},"excerpt":{"rendered":"<p>Dos f\u00e1bricas de creaci\u00f3n (Graner y Estruch) y un centro [&hellip;]<\/p>\n","protected":false},"author":1,"featured_media":0,"comment_status":"open","ping_status":"open","sticky":false,"template":"","format":"standard","meta":[],"categories":[16],"tags":[],"_links":{"self":[{"href":"https:\/\/old.mercatflors.cat\/es\/wp-json\/wp\/v2\/posts\/586\/"}],"collection":[{"href":"https:\/\/old.mercatflors.cat\/es\/wp-json\/wp\/v2\/posts\/"}],"about":[{"href":"https:\/\/old.mercatflors.cat\/es\/wp-json\/wp\/v2\/types\/post\/"}],"author":[{"embeddable":true,"href":"https:\/\/old.mercatflors.cat\/es\/wp-json\/wp\/v2\/users\/1\/"}],"replies":[{"embeddable":true,"href":"https:\/\/old.mercatflors.cat\/es\/wp-json\/wp\/v2\/comments\/?post=586"}],"version-history":[{"count":0,"href":"https:\/\/old.mercatflors.cat\/es\/wp-json\/wp\/v2\/posts\/586\/revisions\/"}],"wp:attachment":[{"href":"https:\/\/old.mercatflors.cat\/es\/wp-json\/wp\/v2\/media\/?parent=586"}],"wp:term":[{"taxonomy":"category","embeddable":true,"href":"https:\/\/old.mercatflors.cat\/es\/wp-json\/wp\/v2\/categories\/?post=586"},{"taxonomy":"post_tag","embeddable":true,"href":"https:\/\/old.mercatflors.cat\/es\/wp-json\/wp\/v2\/tags\/?post=586"}],"curies":[{"name":"wp","href":"https:\/\/api.w.org\/{rel}","templated":true}]}}