{"id":58885,"date":"2023-05-25T11:29:39","date_gmt":"2023-05-25T10:29:39","guid":{"rendered":"https:\/\/old.mercatflors.cat\/?p=58885"},"modified":"2023-05-26T15:00:32","modified_gmt":"2023-05-26T14:00:32","slug":"4-artistas-propuestos-por-el-mercat-al-festival-camping","status":"publish","type":"post","link":"https:\/\/old.mercatflors.cat\/es\/actualidad\/4-artistas-propuestos-por-el-mercat-al-festival-camping\/","title":{"rendered":"4 artistas propuestos por el Mercat, a la plataforma coreogr\u00e1fica internacional CAMPING 23 &#8211; CND  Pantin \/ \u00cele-de-France"},"content":{"rendered":"<p>El Mercat de les Flors &#8211; Graner participa en la edici\u00f3n 2023 de CAMPING en el Centro Nacional de la Danza de Pantin (Par\u00eds). CAMPING es un festival y a la vez una plataforma internacional donde tienen lugar talleres, performances, exposiciones y encuentros. Esta experiencia ofrece encuentros con artistas de la escena coreogr\u00e1fica internacional, escena tambi\u00e9n abierta a otros \u00e1mbitos art\u00edsticos. Las artistas invitadas desde el Mercat de les Flors &#8211; Graner son Alexa Moya, Jacob G\u00f3mez, Mar\u00eda Jurado y Mar Garc\u00eda.<\/p>\n<p>En el encuentro habr\u00e1 700 campistas, incluidos 300 estudiantes de una trentena de escuelas de arte de todo el mundo. Se ofrecer\u00e1n 30 talleres y una quincena de actuaciones. Este evento ha sido comisariado este a\u00f1o con la complicidad de la artista asociada al CND de Pantin Gis\u00e8le Vienne.<\/p>\n<p><a href=\"https:\/\/www.cnd.fr\/fr\/program\/group\/3722-camping-2023\"><strong>+ informaci\u00f3<\/strong><\/a><\/p>\n","protected":false},"excerpt":{"rendered":"<p>El Mercat de les Flors &#8211; Graner participa en la [&hellip;]<\/p>\n","protected":false},"author":1,"featured_media":0,"comment_status":"open","ping_status":"open","sticky":false,"template":"","format":"standard","meta":[],"categories":[16],"tags":[],"_links":{"self":[{"href":"https:\/\/old.mercatflors.cat\/es\/wp-json\/wp\/v2\/posts\/58885\/"}],"collection":[{"href":"https:\/\/old.mercatflors.cat\/es\/wp-json\/wp\/v2\/posts\/"}],"about":[{"href":"https:\/\/old.mercatflors.cat\/es\/wp-json\/wp\/v2\/types\/post\/"}],"author":[{"embeddable":true,"href":"https:\/\/old.mercatflors.cat\/es\/wp-json\/wp\/v2\/users\/1\/"}],"replies":[{"embeddable":true,"href":"https:\/\/old.mercatflors.cat\/es\/wp-json\/wp\/v2\/comments\/?post=58885"}],"version-history":[{"count":0,"href":"https:\/\/old.mercatflors.cat\/es\/wp-json\/wp\/v2\/posts\/58885\/revisions\/"}],"wp:attachment":[{"href":"https:\/\/old.mercatflors.cat\/es\/wp-json\/wp\/v2\/media\/?parent=58885"}],"wp:term":[{"taxonomy":"category","embeddable":true,"href":"https:\/\/old.mercatflors.cat\/es\/wp-json\/wp\/v2\/categories\/?post=58885"},{"taxonomy":"post_tag","embeddable":true,"href":"https:\/\/old.mercatflors.cat\/es\/wp-json\/wp\/v2\/tags\/?post=58885"}],"curies":[{"name":"wp","href":"https:\/\/api.w.org\/{rel}","templated":true}]}}