{"id":58938,"date":"2023-05-31T11:57:34","date_gmt":"2023-05-31T10:57:34","guid":{"rendered":"https:\/\/old.mercatflors.cat\/?p=58938"},"modified":"2023-05-31T12:00:46","modified_gmt":"2023-05-31T11:00:46","slug":"aerowaves-twentu24-busca-nuevos-artistas","status":"publish","type":"post","link":"https:\/\/old.mercatflors.cat\/es\/actualidad\/aerowaves-twentu24-busca-nuevos-artistas\/","title":{"rendered":"Aerowaves Twentu24 busca nuevos artistas"},"content":{"rendered":"<p>El centro para el descubrimiento de la danza en Europa Aerowaves, con una reda de socios en 34 pa\u00edses, est\u00e1 buscando los pr\u00f3ximos core\u00f3grafos emergentes para Twentytalented con sede en Europa. Los artistas interesados pueden presentar su trabajo en el festival Spring Forward el pr\u00f3ximo a\u00f1o en Darmstadt, Wiesbaden y Mainz (Alemania), y tambi\u00e9n en otros espacios de los socios de Aerowaves en toda Europa.<\/p>\n<p>La fecha l\u00edmite para presentar las solicitudes es el jueves 10 de agosto de 2023 a las 17 h.<\/p>\n<p>Para m\u00e1s informaci\u00f3n <a href=\"https:\/\/aerowaves.org\/artists\/how-to-apply\/\"><strong>AQU\u00cd<\/strong><\/a><\/p>\n<p>Para m\u00e1s consultas \u00a0<a href=\"mailto:info@aerowaves.org\">info@aerowaves.org<\/a><\/p>\n<p><img decoding=\"async\" loading=\"lazy\" class=\"alignnone  wp-image-58943\" src=\"https:\/\/old.mercatflors.cat\/wp-content\/uploads\/2023\/05\/OPENCALL24_IG-Nabinam-350x350.png\" alt=\"\" width=\"211\" height=\"211\" srcset=\"https:\/\/old.mercatflors.cat\/wp-content\/uploads\/2023\/05\/OPENCALL24_IG-Nabinam-350x350.png 350w, https:\/\/old.mercatflors.cat\/wp-content\/uploads\/2023\/05\/OPENCALL24_IG-Nabinam-768x768.png 768w, https:\/\/old.mercatflors.cat\/wp-content\/uploads\/2023\/05\/OPENCALL24_IG-Nabinam-490x490.png 490w, https:\/\/old.mercatflors.cat\/wp-content\/uploads\/2023\/05\/OPENCALL24_IG-Nabinam.png 1080w\" sizes=\"(max-width: 211px) 100vw, 211px\" \/><\/p>\n","protected":false},"excerpt":{"rendered":"<p>El centro para el descubrimiento de la danza en Europa [&hellip;]<\/p>\n","protected":false},"author":1,"featured_media":0,"comment_status":"open","ping_status":"open","sticky":false,"template":"","format":"standard","meta":[],"categories":[16],"tags":[],"_links":{"self":[{"href":"https:\/\/old.mercatflors.cat\/es\/wp-json\/wp\/v2\/posts\/58938\/"}],"collection":[{"href":"https:\/\/old.mercatflors.cat\/es\/wp-json\/wp\/v2\/posts\/"}],"about":[{"href":"https:\/\/old.mercatflors.cat\/es\/wp-json\/wp\/v2\/types\/post\/"}],"author":[{"embeddable":true,"href":"https:\/\/old.mercatflors.cat\/es\/wp-json\/wp\/v2\/users\/1\/"}],"replies":[{"embeddable":true,"href":"https:\/\/old.mercatflors.cat\/es\/wp-json\/wp\/v2\/comments\/?post=58938"}],"version-history":[{"count":0,"href":"https:\/\/old.mercatflors.cat\/es\/wp-json\/wp\/v2\/posts\/58938\/revisions\/"}],"wp:attachment":[{"href":"https:\/\/old.mercatflors.cat\/es\/wp-json\/wp\/v2\/media\/?parent=58938"}],"wp:term":[{"taxonomy":"category","embeddable":true,"href":"https:\/\/old.mercatflors.cat\/es\/wp-json\/wp\/v2\/categories\/?post=58938"},{"taxonomy":"post_tag","embeddable":true,"href":"https:\/\/old.mercatflors.cat\/es\/wp-json\/wp\/v2\/tags\/?post=58938"}],"curies":[{"name":"wp","href":"https:\/\/api.w.org\/{rel}","templated":true}]}}