{"id":5911,"date":"2013-02-19T15:02:47","date_gmt":"2013-02-19T15:02:47","guid":{"rendered":"https:\/\/old.mercatflors.cat\/?p=5911"},"modified":"2013-04-23T11:16:36","modified_gmt":"2013-04-23T10:16:36","slug":"procesos-creativos-con-el-aula-la-experiencia-de-nats-nus-y-el-espectaculo-mons-quan-tanco-els-ulls","status":"publish","type":"post","link":"https:\/\/old.mercatflors.cat\/es\/actualidad\/procesos-creativos-con-el-aula-la-experiencia-de-nats-nus-y-el-espectaculo-mons-quan-tanco-els-ulls\/","title":{"rendered":"Procesos creativos con el aula. La experiencia de Nats Nus y el espect\u00e1culo MONS (Quan tanco els ulls)"},"content":{"rendered":"<p>A propuesta del Mercat de les Flors y con el apoyo del Consorcio de Educaci\u00f3n de Barcelona, la f\u00e1brica de creaci\u00f3n Graner y La Caldera, la compa\u00f1\u00eda de danza Nats Nus ha puesto en marcha un proyecto extraordinario donde se promueve la participaci\u00f3n en el proceso de trabajo y de creaci\u00f3n del espect\u00e1culo <i>MONS (quan tanco els ulls<\/i>), -en castellano <i>Mundos\u00a0 (cuando cierro los ojos)<\/i> que Nats Nus presentar\u00e1 en el Mercat el pr\u00f3ximo abril.<\/p>\n<p>En este blog los protagonistas, los ni\u00f1os y ni\u00f1as, los maestros y los bailarines recogen los procesos de trabajo que se desarrollan a lo largo del curso. Participan los siguientes centros: Escuela B\u00e0rkeno, Escuela Llu\u00eds Vives, Escuela Pau Casals de Gr\u00e0cia y Escuela Sagrada Fam\u00edlia; estas escuelas forman parte del territorio de los dos centros de creaci\u00f3n Graner y La Caldera.<\/p>\n<p>El proyecto se ha concebido en tres fases, de acuerdo con el calendario escolar: una primera de presentaci\u00f3n y de talleres en la escuela; la segunda un proceso creativo y ensayos abiertos en los centros de creaci\u00f3n, y una tercera, que ser\u00e1 la asistencia a las funciones en el Mercat.<\/p>\n<p>Actualmente, pasada la fase propiamente de talleres e intercambios en el aula entre alumnos, maestros y compa\u00f1\u00eda, ya se ha puesto en marcha el proceso de creaci\u00f3n en el que los peque\u00f1os -despu\u00e9s de la asistencia a los ensayos abiertos (entre febrero y marzo)- tendr\u00e1n ocasi\u00f3n de nuevo de dialogar creativamente con la compa\u00f1\u00eda sobre esta segunda etapa de la creaci\u00f3n de un espect\u00e1culo.<\/p>\n<p>Puedes seguir estos procesos creativos a trav\u00e9s del <strong><a href=\"http:\/\/processosdedansa.blogspot.com.es\/\" target=\"_blank\">BLOG<\/a><a href=\"http:\/\/processosdedansa.blogspot.com.es\/\" target=\"_blank\"><br \/>\n<\/a><\/strong>El espect\u00e1culo <span style=\"color: #0000ff;\"><strong><a href=\"https:\/\/old.mercatflors.cat\/es\/espectacle\/mons-quan-tanco-els-ulls\/\" target=\"_blank\"><span style=\"color: #0000ff;\">AQU\u00cd<\/span><\/a><\/strong><\/span><\/p>\n<p>&nbsp;<\/p>\n","protected":false},"excerpt":{"rendered":"<p>A propuesta del Mercat de les Flors y con el [&hellip;]<\/p>\n","protected":false},"author":1,"featured_media":0,"comment_status":"open","ping_status":"open","sticky":false,"template":"","format":"standard","meta":[],"categories":[16],"tags":[],"_links":{"self":[{"href":"https:\/\/old.mercatflors.cat\/es\/wp-json\/wp\/v2\/posts\/5911\/"}],"collection":[{"href":"https:\/\/old.mercatflors.cat\/es\/wp-json\/wp\/v2\/posts\/"}],"about":[{"href":"https:\/\/old.mercatflors.cat\/es\/wp-json\/wp\/v2\/types\/post\/"}],"author":[{"embeddable":true,"href":"https:\/\/old.mercatflors.cat\/es\/wp-json\/wp\/v2\/users\/1\/"}],"replies":[{"embeddable":true,"href":"https:\/\/old.mercatflors.cat\/es\/wp-json\/wp\/v2\/comments\/?post=5911"}],"version-history":[{"count":0,"href":"https:\/\/old.mercatflors.cat\/es\/wp-json\/wp\/v2\/posts\/5911\/revisions\/"}],"wp:attachment":[{"href":"https:\/\/old.mercatflors.cat\/es\/wp-json\/wp\/v2\/media\/?parent=5911"}],"wp:term":[{"taxonomy":"category","embeddable":true,"href":"https:\/\/old.mercatflors.cat\/es\/wp-json\/wp\/v2\/categories\/?post=5911"},{"taxonomy":"post_tag","embeddable":true,"href":"https:\/\/old.mercatflors.cat\/es\/wp-json\/wp\/v2\/tags\/?post=5911"}],"curies":[{"name":"wp","href":"https:\/\/api.w.org\/{rel}","templated":true}]}}