{"id":596,"date":"2012-05-30T11:23:06","date_gmt":"2012-05-30T11:23:06","guid":{"rendered":"https:\/\/old.mercatflors.cat\/?p=596"},"modified":"2012-07-20T11:23:18","modified_gmt":"2012-07-20T11:23:18","slug":"el-graner-ofrece-dos-ayudas-a-la-formacion-para-el-m-a-p-mudances-aula-pedagogica","status":"publish","type":"post","link":"https:\/\/old.mercatflors.cat\/es\/actualidad\/el-graner-ofrece-dos-ayudas-a-la-formacion-para-el-m-a-p-mudances-aula-pedagogica\/","title":{"rendered":"El Graner ofrece dos ayudas a la formaci\u00f3n para el m.a.p.\u2013 mudances aula pedag\u00f3gica"},"content":{"rendered":"<p>El m.a.p. es un programa pedag\u00f3gico dirigido a los j\u00f3venes profesionales o estudiantes avanzados interesados en el trabajo de \u00c0ngels Margarit \/ Cia. Mudances. La compa\u00f1\u00eda programa de manera continuada cursos monogr\u00e1ficos de diferentes t\u00e9cnicas y talleres de repertorio y composici\u00f3n, impartidos por bailarines, profesores invitados o colaboradores de \u00c0ngels Margarit \/ Cia. Mudances. El objetivo es generar una actividad pedag\u00f3gica alrededor del trabajo de la compa\u00f1\u00eda para acercar j\u00f3venes profesionales a la misma i preparar bailarines en los lenguajes actuales de la danza moderna, as\u00ed como en el material de base utilizado en las coreograf\u00edas de \u00c0ngels Margarit \/ Cia. Mudances.<\/p>\n<p>El Graner cubrir\u00e1 los gastos de inscripci\u00f3n para dos personas para el pr\u00f3ximo taller a cargo de Kirstie Simson:\u00a0Improvisaci\u00f3n. El arte de escuchar, que tendr\u00e1 lugar del 4 al 8 de junio de 10h a 14h.<\/p>\n<p>M\u00e1s informaci\u00f3n sobre el contenido de los talleres\u00a0<a href=\"http:\/\/www.margarit-mudances.com\/ca\/actividades.html\" target=\"_blank\">AQU\u00cd<\/a><\/p>\n<p>Si te interesa, env\u00eda un mail antes del pr\u00f3ximo viernes 1 de junio a las 15h a\u00a0<a href=\"mailto:info@granerbcn.cat\">info@granerbcn.cat<\/a>\u00a0adjuntando tu curr\u00edculum y explicando tus motivaciones. Es imprescindible poder asistir todos los d\u00edas del taller. La resoluci\u00f3n se comunicar\u00e1 por correo electr\u00f3nico el mismo viernes 1 de junio.<\/p>\n","protected":false},"excerpt":{"rendered":"<p>El m.a.p. es un programa pedag\u00f3gico dirigido a los j\u00f3venes [&hellip;]<\/p>\n","protected":false},"author":1,"featured_media":0,"comment_status":"open","ping_status":"open","sticky":false,"template":"","format":"standard","meta":[],"categories":[16],"tags":[],"_links":{"self":[{"href":"https:\/\/old.mercatflors.cat\/es\/wp-json\/wp\/v2\/posts\/596\/"}],"collection":[{"href":"https:\/\/old.mercatflors.cat\/es\/wp-json\/wp\/v2\/posts\/"}],"about":[{"href":"https:\/\/old.mercatflors.cat\/es\/wp-json\/wp\/v2\/types\/post\/"}],"author":[{"embeddable":true,"href":"https:\/\/old.mercatflors.cat\/es\/wp-json\/wp\/v2\/users\/1\/"}],"replies":[{"embeddable":true,"href":"https:\/\/old.mercatflors.cat\/es\/wp-json\/wp\/v2\/comments\/?post=596"}],"version-history":[{"count":0,"href":"https:\/\/old.mercatflors.cat\/es\/wp-json\/wp\/v2\/posts\/596\/revisions\/"}],"wp:attachment":[{"href":"https:\/\/old.mercatflors.cat\/es\/wp-json\/wp\/v2\/media\/?parent=596"}],"wp:term":[{"taxonomy":"category","embeddable":true,"href":"https:\/\/old.mercatflors.cat\/es\/wp-json\/wp\/v2\/categories\/?post=596"},{"taxonomy":"post_tag","embeddable":true,"href":"https:\/\/old.mercatflors.cat\/es\/wp-json\/wp\/v2\/tags\/?post=596"}],"curies":[{"name":"wp","href":"https:\/\/api.w.org\/{rel}","templated":true}]}}