{"id":5983,"date":"2013-02-26T11:03:12","date_gmt":"2013-02-26T11:03:12","guid":{"rendered":"https:\/\/old.mercatflors.cat\/?p=5983"},"modified":"2013-05-06T15:02:36","modified_gmt":"2013-05-06T14:02:36","slug":"convocatoria-de-residencias-escena-poble-nou-graner","status":"publish","type":"post","link":"https:\/\/old.mercatflors.cat\/es\/actualidad\/convocatoria-de-residencias-escena-poble-nou-graner\/","title":{"rendered":"Convocatoria de residencias Escena Poble Nou \/ Graner"},"content":{"rendered":"<p>Esta convocatoria est\u00e1 dirigida a creaciones de danza contempor\u00e0nea y nuevos lenguajes del movimiento y se desarrollar\u00e1 durante 3 semanas en la f\u00e1brica de creaci\u00f3n Graner, 1 semana en Can Felipa y 1 semana de residencia t\u00e9cnica en el Graner. La residencia tendr\u00e1 un apoyo econ\u00f3mico de 1500 euros por parte del Festival Escena Poblenou y la creaci\u00f3n ser\u00e1 programada en el marco del festival.<\/p>\n<p><strong style=\"color: #0000ff;\"><a href=\"http:\/\/www.mercatflors.cat\/2012-2013\/premsa\/info_residencia_escena_poble_nou_graner_cast.pdf\" target=\"_blank\"><span style=\"color: #0000ff;\">+ info<\/span><\/a><\/strong><\/p>\n<p>&nbsp;<\/p>\n","protected":false},"excerpt":{"rendered":"<p>Esta convocatoria est\u00e1 dirigida a creaciones de danza contempor\u00e0nea y [&hellip;]<\/p>\n","protected":false},"author":1,"featured_media":0,"comment_status":"open","ping_status":"open","sticky":false,"template":"","format":"standard","meta":[],"categories":[16],"tags":[],"_links":{"self":[{"href":"https:\/\/old.mercatflors.cat\/es\/wp-json\/wp\/v2\/posts\/5983\/"}],"collection":[{"href":"https:\/\/old.mercatflors.cat\/es\/wp-json\/wp\/v2\/posts\/"}],"about":[{"href":"https:\/\/old.mercatflors.cat\/es\/wp-json\/wp\/v2\/types\/post\/"}],"author":[{"embeddable":true,"href":"https:\/\/old.mercatflors.cat\/es\/wp-json\/wp\/v2\/users\/1\/"}],"replies":[{"embeddable":true,"href":"https:\/\/old.mercatflors.cat\/es\/wp-json\/wp\/v2\/comments\/?post=5983"}],"version-history":[{"count":0,"href":"https:\/\/old.mercatflors.cat\/es\/wp-json\/wp\/v2\/posts\/5983\/revisions\/"}],"wp:attachment":[{"href":"https:\/\/old.mercatflors.cat\/es\/wp-json\/wp\/v2\/media\/?parent=5983"}],"wp:term":[{"taxonomy":"category","embeddable":true,"href":"https:\/\/old.mercatflors.cat\/es\/wp-json\/wp\/v2\/categories\/?post=5983"},{"taxonomy":"post_tag","embeddable":true,"href":"https:\/\/old.mercatflors.cat\/es\/wp-json\/wp\/v2\/tags\/?post=5983"}],"curies":[{"name":"wp","href":"https:\/\/api.w.org\/{rel}","templated":true}]}}