{"id":600,"date":"2012-05-30T11:23:51","date_gmt":"2012-05-30T11:23:51","guid":{"rendered":"https:\/\/old.mercatflors.cat\/?p=600"},"modified":"2012-07-20T11:24:07","modified_gmt":"2012-07-20T11:24:07","slug":"el-jueves-31-de-mayo-ultimo-dia-de-inscripcion-en-el-mov-s","status":"publish","type":"post","link":"https:\/\/old.mercatflors.cat\/es\/actualidad\/el-jueves-31-de-mayo-ultimo-dia-de-inscripcion-en-el-mov-s\/","title":{"rendered":"El jueves 31 de mayo, \u00faltimo d\u00eda de inscripci\u00f3n en el MOV-S"},"content":{"rendered":"<p>Este jueves 31 mayo es el \u00faltimo d\u00eda para inscribirse en el MOV-S, Espacio para el Intercambio Internacional de la Danza y las Artes del Movimiento que este a\u00f1o se celebrar\u00e1 en C\u00e1diz, dentro del festival C\u00e1diz en Danza, del 14 al 17 de junio. El encuentro, organizado por el Mercat de les Flors, celebra su cuarta edici\u00f3n (las anteriores tuvieron lugar en Barcelona, Galicia y Madrid).<\/p>\n<p>Este espacio de intercambio entre profesionales del sector de la danza permite poner en com\u00fan reflexiones sobre el estado de la misma y compartir estrategias. Asistir\u00e1n aproximadamente 200 profesionales de distintos pa\u00edses.<\/p>\n<p>Adem\u00e1s de los encuentros profesionales, un total de XXX compa\u00f1\u00edas presentar\u00e1n sus trabajos dentro del MOV-S, as\u00ed como tambi\u00e9n se presentar\u00e1n 21 proyectos y\/o nuevas entidades relacionadas con la actividad esc\u00e9nica.<\/p>\n<p>Inscripci\u00f3n\u00a0<a href=\"http:\/\/www.mov-s.org\/inscripcion\" target=\"_blank\">AQU\u00cd<\/a><\/p>\n<p>Programaci\u00f3n C\u00c1DIZ EN DANZA y MOV-S\u00a0<a href=\"http:\/\/issuu.com\/movs2012\/docs\/programacionartistica\" target=\"_blank\">AQU\u00cd\u00a0<\/a>y\u00a0<a href=\"http:\/\/www.mov-s.org\/programacion\/calendario\" target=\"_blank\">AQU\u00cd<\/a><\/p>\n","protected":false},"excerpt":{"rendered":"<p>Este jueves 31 mayo es el \u00faltimo d\u00eda para inscribirse [&hellip;]<\/p>\n","protected":false},"author":1,"featured_media":0,"comment_status":"open","ping_status":"open","sticky":false,"template":"","format":"standard","meta":[],"categories":[16],"tags":[],"_links":{"self":[{"href":"https:\/\/old.mercatflors.cat\/es\/wp-json\/wp\/v2\/posts\/600\/"}],"collection":[{"href":"https:\/\/old.mercatflors.cat\/es\/wp-json\/wp\/v2\/posts\/"}],"about":[{"href":"https:\/\/old.mercatflors.cat\/es\/wp-json\/wp\/v2\/types\/post\/"}],"author":[{"embeddable":true,"href":"https:\/\/old.mercatflors.cat\/es\/wp-json\/wp\/v2\/users\/1\/"}],"replies":[{"embeddable":true,"href":"https:\/\/old.mercatflors.cat\/es\/wp-json\/wp\/v2\/comments\/?post=600"}],"version-history":[{"count":0,"href":"https:\/\/old.mercatflors.cat\/es\/wp-json\/wp\/v2\/posts\/600\/revisions\/"}],"wp:attachment":[{"href":"https:\/\/old.mercatflors.cat\/es\/wp-json\/wp\/v2\/media\/?parent=600"}],"wp:term":[{"taxonomy":"category","embeddable":true,"href":"https:\/\/old.mercatflors.cat\/es\/wp-json\/wp\/v2\/categories\/?post=600"},{"taxonomy":"post_tag","embeddable":true,"href":"https:\/\/old.mercatflors.cat\/es\/wp-json\/wp\/v2\/tags\/?post=600"}],"curies":[{"name":"wp","href":"https:\/\/api.w.org\/{rel}","templated":true}]}}