{"id":604,"date":"2012-05-30T11:24:41","date_gmt":"2012-05-30T11:24:41","guid":{"rendered":"https:\/\/old.mercatflors.cat\/?p=604"},"modified":"2012-07-20T11:24:55","modified_gmt":"2012-07-20T11:24:55","slug":"presentacion-de-videos-en-lanimal-a-lesquena","status":"publish","type":"post","link":"https:\/\/old.mercatflors.cat\/es\/actualidad\/presentacion-de-videos-en-lanimal-a-lesquena\/","title":{"rendered":"Presentaci\u00f3n de v\u00eddeos en L\u2019animal a l\u2019esquena"},"content":{"rendered":"<p>El centro de creaci\u00f3n L\u2019animal a l\u2019esquena presenta este mi\u00e9rcoles 30 de mayo a las 22 horas un programa de v\u00eddeos presentado por Toni Serra dentro del programa de Revolucionary Bodies, proyecto de colaboraci\u00f3n en red liderado por la asociaci\u00f3n\u00a0Carovana\u00a0de Cerde\u00f1a que empez\u00f3 en agosto del 2011 y finaliza los d\u00edas 30, 31 de mayo y 1 de junio de 2012 con el programa Cuerpo y Revoluci\u00f3n, propuesto por\u00a0L\u2019animal a l\u2019esquena, Celr\u00e0, Catalunya.<\/p>\n<p>Revolutionary Bodies\u00a0se inicia con la voluntad de generar momentos de encuentro entre creadores y artistas invitados, originarios de Egipto, T\u00fanez, Cerde\u00f1a y Catalunya, para explorar y reflexionar sobre los procesos de transformaci\u00f3n social y sobre el cuerpo como instrumento de b\u00fasqueda de libertad. A trav\u00e9s de la experimentaci\u00f3n de nuevos lenguajes se vuelve a una visi\u00f3n del arte en la que \u00e9ste, lejos de ser s\u00f3lo un entretenimiento, es una herramienta para los procesos de democratizaci\u00f3n, asumiendo un papel estrat\u00e9gico de testimonio.<\/p>\n<p>Dentro de este programa hay actividades abiertas al p\u00fablico que incluyen dos pases de obras audio-visuales con presentaciones a cargo de Tahar Chikhaoui, que tuvo lugar ayer, y de\u00a0<a>Toni Serra<\/a>, hoy 30 de mayo. Ponencias de los participantes en el Centro Cultural de La Merc\u00e8, Girona, 31 de mayo. Presentaciones esc\u00e9nicas en L\u2019Ateneu de Celr\u00e0, 1 de juny, as\u00ed como otras propuestas instalativas y expositivas que podr\u00e1n ser visitadas del 29 de mayo al 1 de junio, tanto en L\u2019Ateneu de Celr\u00e0 como en L\u2019animal a l\u2019esquena.<\/p>\n<p>M\u00e1s informaci\u00f3n\u00a0<a href=\"http:\/\/www.lanimal.org\/index.php?page=primavera&amp;act=revolutionary\" target=\"_blank\">AQU\u00cd<\/a><\/p>\n","protected":false},"excerpt":{"rendered":"<p>El centro de creaci\u00f3n L\u2019animal a l\u2019esquena presenta este mi\u00e9rcoles [&hellip;]<\/p>\n","protected":false},"author":1,"featured_media":0,"comment_status":"open","ping_status":"open","sticky":false,"template":"","format":"standard","meta":[],"categories":[16],"tags":[],"_links":{"self":[{"href":"https:\/\/old.mercatflors.cat\/es\/wp-json\/wp\/v2\/posts\/604\/"}],"collection":[{"href":"https:\/\/old.mercatflors.cat\/es\/wp-json\/wp\/v2\/posts\/"}],"about":[{"href":"https:\/\/old.mercatflors.cat\/es\/wp-json\/wp\/v2\/types\/post\/"}],"author":[{"embeddable":true,"href":"https:\/\/old.mercatflors.cat\/es\/wp-json\/wp\/v2\/users\/1\/"}],"replies":[{"embeddable":true,"href":"https:\/\/old.mercatflors.cat\/es\/wp-json\/wp\/v2\/comments\/?post=604"}],"version-history":[{"count":0,"href":"https:\/\/old.mercatflors.cat\/es\/wp-json\/wp\/v2\/posts\/604\/revisions\/"}],"wp:attachment":[{"href":"https:\/\/old.mercatflors.cat\/es\/wp-json\/wp\/v2\/media\/?parent=604"}],"wp:term":[{"taxonomy":"category","embeddable":true,"href":"https:\/\/old.mercatflors.cat\/es\/wp-json\/wp\/v2\/categories\/?post=604"},{"taxonomy":"post_tag","embeddable":true,"href":"https:\/\/old.mercatflors.cat\/es\/wp-json\/wp\/v2\/tags\/?post=604"}],"curies":[{"name":"wp","href":"https:\/\/api.w.org\/{rel}","templated":true}]}}