{"id":6077,"date":"2013-03-11T11:29:45","date_gmt":"2013-03-11T11:29:45","guid":{"rendered":"https:\/\/old.mercatflors.cat\/?p=6077"},"modified":"2013-05-06T12:03:01","modified_gmt":"2013-05-06T11:03:01","slug":"el-festival-grec-propone-la-ventana-de-visibilidad-profesional","status":"publish","type":"post","link":"https:\/\/old.mercatflors.cat\/es\/actualidad\/el-festival-grec-propone-la-ventana-de-visibilidad-profesional\/","title":{"rendered":"El festival Grec propone la Ventana de Visibilidad Profesional"},"content":{"rendered":"<p align=\"left\">Con el fin de que les compa\u00f1\u00edas de danza catalanas puedan dar un paso m\u00e1s en su proyecci\u00f3n internacional, el festival Grec de Barcelona propone la Ventana de Visibilidad Profesional del 9 al 11 de julio, organizada por el mismo festival y el Mercat de les Flors &#8211; Graner con el apoyo de la Asociaci\u00f3n de Profesionales de la Danza de Catalunya (APdC), la Asociaci\u00f3n de Compa\u00f1\u00edas Profesionals de la Dansa de Catalunya (ACPdC), el Instituto Ramon Llull, Barcelona Capital y el Departament de Cultura de la Generalitat de Catalunya.<\/p>\n<p align=\"left\">Se seleccionar\u00e1n 7 piezas de danza a trav\u00e9s de una convocatoria abierta para mostrarlas a un grupo representativo de programadores y profesionales de todo el mundo.<\/p>\n<p align=\"left\">Toda la informaci\u00f3n <a href=\"https:\/\/old.mercatflors.cat\/wp-content\/uploads\/2013\/03\/Convocat\u00f2ria-Grec-Difusi\u00f3-Internacional1.pdf\" target=\"_blank\"><strong>AQU\u00cd<\/strong><\/a><\/p>\n","protected":false},"excerpt":{"rendered":"<p>Con el fin de que les compa\u00f1\u00edas de danza catalanas [&hellip;]<\/p>\n","protected":false},"author":1,"featured_media":0,"comment_status":"open","ping_status":"open","sticky":false,"template":"","format":"standard","meta":[],"categories":[16],"tags":[],"_links":{"self":[{"href":"https:\/\/old.mercatflors.cat\/es\/wp-json\/wp\/v2\/posts\/6077\/"}],"collection":[{"href":"https:\/\/old.mercatflors.cat\/es\/wp-json\/wp\/v2\/posts\/"}],"about":[{"href":"https:\/\/old.mercatflors.cat\/es\/wp-json\/wp\/v2\/types\/post\/"}],"author":[{"embeddable":true,"href":"https:\/\/old.mercatflors.cat\/es\/wp-json\/wp\/v2\/users\/1\/"}],"replies":[{"embeddable":true,"href":"https:\/\/old.mercatflors.cat\/es\/wp-json\/wp\/v2\/comments\/?post=6077"}],"version-history":[{"count":0,"href":"https:\/\/old.mercatflors.cat\/es\/wp-json\/wp\/v2\/posts\/6077\/revisions\/"}],"wp:attachment":[{"href":"https:\/\/old.mercatflors.cat\/es\/wp-json\/wp\/v2\/media\/?parent=6077"}],"wp:term":[{"taxonomy":"category","embeddable":true,"href":"https:\/\/old.mercatflors.cat\/es\/wp-json\/wp\/v2\/categories\/?post=6077"},{"taxonomy":"post_tag","embeddable":true,"href":"https:\/\/old.mercatflors.cat\/es\/wp-json\/wp\/v2\/tags\/?post=6077"}],"curies":[{"name":"wp","href":"https:\/\/api.w.org\/{rel}","templated":true}]}}