{"id":608,"date":"2012-06-12T11:25:26","date_gmt":"2012-06-12T11:25:26","guid":{"rendered":"https:\/\/old.mercatflors.cat\/?p=608"},"modified":"2012-07-20T11:25:43","modified_gmt":"2012-07-20T11:25:43","slug":"el-mercat-acoge-la-presentacion-del-proyecto-los-cuatro-elementos-de-la-escuela-mossen-jacint-verdaguer","status":"publish","type":"post","link":"https:\/\/old.mercatflors.cat\/es\/actualidad\/el-mercat-acoge-la-presentacion-del-proyecto-los-cuatro-elementos-de-la-escuela-mossen-jacint-verdaguer\/","title":{"rendered":"El Mercat acoge la presentaci\u00f3n del proyecto \u2018Los cuatro elementos\u2019 de la escuela Moss\u00e8n Jacint Verdaguer"},"content":{"rendered":"<p>Alumnos de primero i segundo de Primaria de la escuela municipal Moss\u00e8n Jacint Verdaguer mostrar\u00e1n el jueves 14 de junio en el Mercat el proyecte t\u00e1ndem entre la escuela y el Conservatorio Municipal de M\u00fasica de Barcelona.<\/p>\n<p>La actividad est\u00e1 dirigida a los familiares de la escuela de los ni\u00f1os y ni\u00f1as y la entrada es por estricta invitaci\u00f3n.<\/p>\n<p><a href=\"http:\/\/www.mercatflors.cat\/2011-2012\/escola_jacint_verdaguer\/programa_els_4_elements_projecte_tandem.pdf\" target=\"_blank\">PROGRAMA<\/a><\/p>\n","protected":false},"excerpt":{"rendered":"<p>Alumnos de primero i segundo de Primaria de la escuela [&hellip;]<\/p>\n","protected":false},"author":1,"featured_media":0,"comment_status":"open","ping_status":"open","sticky":false,"template":"","format":"standard","meta":[],"categories":[16],"tags":[],"_links":{"self":[{"href":"https:\/\/old.mercatflors.cat\/es\/wp-json\/wp\/v2\/posts\/608\/"}],"collection":[{"href":"https:\/\/old.mercatflors.cat\/es\/wp-json\/wp\/v2\/posts\/"}],"about":[{"href":"https:\/\/old.mercatflors.cat\/es\/wp-json\/wp\/v2\/types\/post\/"}],"author":[{"embeddable":true,"href":"https:\/\/old.mercatflors.cat\/es\/wp-json\/wp\/v2\/users\/1\/"}],"replies":[{"embeddable":true,"href":"https:\/\/old.mercatflors.cat\/es\/wp-json\/wp\/v2\/comments\/?post=608"}],"version-history":[{"count":0,"href":"https:\/\/old.mercatflors.cat\/es\/wp-json\/wp\/v2\/posts\/608\/revisions\/"}],"wp:attachment":[{"href":"https:\/\/old.mercatflors.cat\/es\/wp-json\/wp\/v2\/media\/?parent=608"}],"wp:term":[{"taxonomy":"category","embeddable":true,"href":"https:\/\/old.mercatflors.cat\/es\/wp-json\/wp\/v2\/categories\/?post=608"},{"taxonomy":"post_tag","embeddable":true,"href":"https:\/\/old.mercatflors.cat\/es\/wp-json\/wp\/v2\/tags\/?post=608"}],"curies":[{"name":"wp","href":"https:\/\/api.w.org\/{rel}","templated":true}]}}