{"id":6118,"date":"2013-03-14T12:31:20","date_gmt":"2013-03-14T12:31:20","guid":{"rendered":"https:\/\/old.mercatflors.cat\/general-es\/els-mons-de-nats-nus-i-jimmy-liao-taller-de-dansa-creativa-amb-la-companyia-2\/"},"modified":"2013-04-23T13:07:45","modified_gmt":"2013-04-23T12:07:45","slug":"els-mons-de-nats-nus-i-jimmy-liao-taller-de-dansa-creativa-amb-la-companyia","status":"publish","type":"post","link":"https:\/\/old.mercatflors.cat\/es\/actualidad\/els-mons-de-nats-nus-i-jimmy-liao-taller-de-dansa-creativa-amb-la-companyia\/","title":{"rendered":"ELS MONS DE NATS NUS I JIMMY LIAO. Taller de dansa creativa amb la companyia"},"content":{"rendered":"<p>Coincidinto amb les representacions que es faran al Mercat de les Flors del seu espectacle\u00a0 <i>Mons (quan tanco els ulls)<\/i>, inspirat en l&#8217;obra de l&#8217;il\u00b7lustrador taiwan\u00e8s Jimmy Liao, la companyia de dansa <strong>Nats Nus<\/strong> i el <strong>Mercat de les Flors<\/strong> conviden als visitants de <strong>M\u00f3n Llibre<\/strong> a un taller participatiu per apropar els nens i nenes a l&#8217;univers d&#8217;aquest autor. Ho far\u00e0 a trav\u00e9s de la dansa, partint de propostes molt l\u00fadiques, treballant el moviment, on es\u00a0 recrearan paisatges, situacions i sensacions que ens permetran deixar volar la imaginaci\u00f3 i posar a prova la nostra creativitat.<\/p>\n<p><strong>Dissabte 13 d&#8217;abril: <\/strong>d&#8217;11:30h a 12:30h<br \/>\n<strong>Diumenge 14 d&#8217;abril:<\/strong> de 17h a 18h<br \/>\n<strong>Edat recomenada: <\/strong>a partir de 9 anys<br \/>\n<strong>Places limitades:<\/strong> 25<\/p>\n<p><strong>MONS (QUAN TANCO EL ULLS)<\/strong><br \/>\n<strong> L&#8217;espectacle<\/strong><\/p>\n<p>El nou espectacle de Nats Nus, dirigit a tots els p\u00fablics, ens transporta al nostre interior, ens apropa a aquests mons \u00edntims i imaginats a on anem quan les coses no van b\u00e9. Uns mons plens de color, de formes m\u00e0giques i ins\u00f2lites on tot \u00e9s possible.<\/p>\n<p>Jimmy Liao, escriptor taiwan\u00e8s, no explica contes sin\u00f3 hist\u00f2ries aut\u00e8ntiques, senzilles i directes. En aquesta pe\u00e7a es parla dels nens, nenes i adults que encara conserven al menut dins seu i inventen mons per amagar-se quan la realitat \u00e9s massa dura. Els personatges es mouran en mons estranys, plens de colors i fantasia, on trobaran muntanyes de roba animades, boscos d&#8217;arbres, escales al cel, personatges alats, herba i flors, coreografies infinites amb cadires\u2026<\/p>\n<p><i>Mons<\/i>\u00a0ha estat creada a partir d&#8217;uns treballs en residencies a les escoles d&#8217;educaci\u00f3 prim\u00e0ria dels barris de Gr\u00e0cia i Marina: Escola B\u00e0rkeno, Escola Llu\u00eds Vives, Escola Pau Casals \u2013 Gr\u00e0cia i Escola Sagrada Fam\u00edlia.<\/p>\n<p><strong>L&#8217;espectacle \u201cMons (quan tanco els ulls)\u201d es presenta al Mercat de les Flors del 4 al 21 d&#8217;abril<\/strong><\/p>\n<p>Funcions escolars: a les 10:30h (\u00e9s necess\u00e0ria inscripci\u00f3 pr\u00e8via: <a href=\"mailto:educatius@mercatflors.cat\" target=\"_blank\"><span style=\"text-decoration: underline;\"><strong>educatius@mercatflors.cat<\/strong><\/span><\/a>). M\u00e9s info: <a href=\"https:\/\/old.mercatflors.cat\/espectacle\/mons-quan-tanco-els-ulls-funcions-per-a-escoles\/\"><span style=\"text-decoration: underline;\"><strong>https:\/\/old.mercatflors.cat\/espectacle\/mons-quan-tanco-els-ulls-funcions-per-a-escoles\/<\/strong><\/span><\/a><br \/>\nFuncions familiars: dissabtes a les 18h, diumenges a les 12h. M\u00e9s info: <a href=\"https:\/\/old.mercatflors.cat\/espectacle\/mons-quan-tanco-els-ulls\/\"><span style=\"text-decoration: underline;\"><strong>https:\/\/old.mercatflors.cat\/espectacle\/mons-quan-tanco-els-ulls\/<\/strong><\/span><\/a><br \/>\nEdat recomenada <strong>a partir de 6 anys<br \/>\n<\/strong><\/p>\n<div id=\"attachment_5898\" style=\"width: 360px\" class=\"wp-caption alignleft\"><img aria-describedby=\"caption-attachment-5898\" decoding=\"async\" loading=\"lazy\" class=\"size-full wp-image-5898\" alt=\"'Mons (quan tanco els ulls)' - NATS NUS\" src=\"https:\/\/old.mercatflors.cat\/wp-content\/uploads\/2012\/08\/nats_nus_petita1.jpg\" width=\"350\" height=\"200\" srcset=\"https:\/\/old.mercatflors.cat\/wp-content\/uploads\/2012\/08\/nats_nus_petita1.jpg 350w, https:\/\/old.mercatflors.cat\/wp-content\/uploads\/2012\/08\/nats_nus_petita1-223x127.jpg 223w\" sizes=\"(max-width: 350px) 100vw, 350px\" \/><p id=\"caption-attachment-5898\" class=\"wp-caption-text\">&#8216;Mons (quan tanco els ulls)&#8217; &#8211; NATS NUS<\/p><\/div>\n<p><em id=\"__mceDel\"><span style=\"color: #0000ff;\"><strong>\u00a0<\/strong><\/span><\/em><\/p>\n<p>&nbsp;<\/p>\n","protected":false},"excerpt":{"rendered":"<p>Coincidinto amb les representacions que es faran al Mercat de [&hellip;]<\/p>\n","protected":false},"author":1,"featured_media":0,"comment_status":"open","ping_status":"open","sticky":false,"template":"","format":"standard","meta":[],"categories":[16],"tags":[],"_links":{"self":[{"href":"https:\/\/old.mercatflors.cat\/es\/wp-json\/wp\/v2\/posts\/6118\/"}],"collection":[{"href":"https:\/\/old.mercatflors.cat\/es\/wp-json\/wp\/v2\/posts\/"}],"about":[{"href":"https:\/\/old.mercatflors.cat\/es\/wp-json\/wp\/v2\/types\/post\/"}],"author":[{"embeddable":true,"href":"https:\/\/old.mercatflors.cat\/es\/wp-json\/wp\/v2\/users\/1\/"}],"replies":[{"embeddable":true,"href":"https:\/\/old.mercatflors.cat\/es\/wp-json\/wp\/v2\/comments\/?post=6118"}],"version-history":[{"count":0,"href":"https:\/\/old.mercatflors.cat\/es\/wp-json\/wp\/v2\/posts\/6118\/revisions\/"}],"wp:attachment":[{"href":"https:\/\/old.mercatflors.cat\/es\/wp-json\/wp\/v2\/media\/?parent=6118"}],"wp:term":[{"taxonomy":"category","embeddable":true,"href":"https:\/\/old.mercatflors.cat\/es\/wp-json\/wp\/v2\/categories\/?post=6118"},{"taxonomy":"post_tag","embeddable":true,"href":"https:\/\/old.mercatflors.cat\/es\/wp-json\/wp\/v2\/tags\/?post=6118"}],"curies":[{"name":"wp","href":"https:\/\/api.w.org\/{rel}","templated":true}]}}