{"id":612,"date":"2012-06-25T11:26:20","date_gmt":"2012-06-25T11:26:20","guid":{"rendered":"https:\/\/old.mercatflors.cat\/?p=612"},"modified":"2012-10-10T08:41:28","modified_gmt":"2012-10-10T08:41:28","slug":"el-mercat-cierra-la-temporada-2011-2012-con-la-consolidacion-de-publico","status":"publish","type":"post","link":"https:\/\/old.mercatflors.cat\/es\/actualidad\/el-mercat-cierra-la-temporada-2011-2012-con-la-consolidacion-de-publico\/","title":{"rendered":"El Mercat cierra la temporada 2011-2012 con la consolidaci\u00f3n de p\u00fablico"},"content":{"rendered":"<p>El balance de la temporada que el Mercat acaba de cerrar -a la espera de recibir los espect\u00e1culos del festival Grec- muestra la fidelizaci\u00f3n del p\u00fablico de danza: m\u00e1s de 48.000 espectadores respecto a los 46.000 de 2010-2011. Las salas han tenido un 73% de ocupaci\u00f3n, un punto por encima que durante el curso anterior. Y un incremento tambi\u00e9n de las actividades: de 289 la temporada pasada a 358 en 2011-2012.<\/p>\n<p>Estos buenos resultados en el momento actual evidencian la importancia para el Mercat de la formaci\u00f3n constante de p\u00fablico, dedicando esfuerzos a desarrollar actividades para conseguirlo, como las charlas con los core\u00f3grafos o las sesiones para explicar la danza antes de los espect\u00e1culos, entre otras, as\u00ed como el refuerzo que ha representado la gesti\u00f3n por parte del Mercat del Graner, la f\u00e1brica de creaci\u00f3n de apoyo a la danza y con la que el Mercat ha podido acompa\u00f1ar y ayudar a compa\u00f1\u00edas para realizar sus trabajos, adem\u00e1s de otras actividades.<\/p>\n<p>Y respecto a la pr\u00f3xima temporada, el director del Mercat, Francesc Casades\u00fas, ha avanzado que mantendr\u00e1 y ampliar\u00e1 su apoyo y acompa\u00f1amiento a valiosos artistas, en un nuevo formato de compa\u00f1\u00eda asociada entre las que habr\u00e1 la Cia. Bar\u00f3 d\u2019Evel, Malpelo e Israel Galv\u00e1n (estas dos \u00faltimas presentar\u00e1n sus trabajos en el Mercat la temporada 2013-14).<\/p>\n<p>En cuanto a la exhibici\u00f3n de espect\u00e1culos, el Mercat continuar\u00e1 con la voluntad de mostrar un amplio abanico de estilos y procedencias; habr\u00e1 artistas y compa\u00f1\u00edas catalanas (como Bar\u00f3 d\u2019Evel), espa\u00f1olas (como la Compa\u00f1\u00eda Nacional de Danza) e internacionales (Australian Dance Theatre o Hofesh Shechter).<\/p>\n<p>La programaci\u00f3n para acercar la danza a los m\u00e1s peque\u00f1os continuar\u00e1 y crecer\u00e1: dos compa\u00f1\u00edas consolidadas presentar\u00e1n sus espect\u00e1culos para toda la familia y se programar\u00e1 un festival para ni\u00f1os y ni\u00f1as de 0 a 3 a\u00f1os en red con otras ciudades de Catalunya.<\/p>\n<p>Toda la programaci\u00f3n se podr\u00e1 consultar en la web antes de empezar las vacaciones de agosto.<\/p>\n<p>Puedes consultar el balance\u00a0<a href=\"http:\/\/www.mercatflors.cat\/2011-2012\/info_institucional\/balance_temporada11-12.pdf\" target=\"_blank\">aqu\u00ed<\/a><\/p>\n","protected":false},"excerpt":{"rendered":"<p>El balance de la temporada que el Mercat acaba de [&hellip;]<\/p>\n","protected":false},"author":1,"featured_media":0,"comment_status":"open","ping_status":"open","sticky":false,"template":"","format":"standard","meta":[],"categories":[16],"tags":[],"_links":{"self":[{"href":"https:\/\/old.mercatflors.cat\/es\/wp-json\/wp\/v2\/posts\/612\/"}],"collection":[{"href":"https:\/\/old.mercatflors.cat\/es\/wp-json\/wp\/v2\/posts\/"}],"about":[{"href":"https:\/\/old.mercatflors.cat\/es\/wp-json\/wp\/v2\/types\/post\/"}],"author":[{"embeddable":true,"href":"https:\/\/old.mercatflors.cat\/es\/wp-json\/wp\/v2\/users\/1\/"}],"replies":[{"embeddable":true,"href":"https:\/\/old.mercatflors.cat\/es\/wp-json\/wp\/v2\/comments\/?post=612"}],"version-history":[{"count":0,"href":"https:\/\/old.mercatflors.cat\/es\/wp-json\/wp\/v2\/posts\/612\/revisions\/"}],"wp:attachment":[{"href":"https:\/\/old.mercatflors.cat\/es\/wp-json\/wp\/v2\/media\/?parent=612"}],"wp:term":[{"taxonomy":"category","embeddable":true,"href":"https:\/\/old.mercatflors.cat\/es\/wp-json\/wp\/v2\/categories\/?post=612"},{"taxonomy":"post_tag","embeddable":true,"href":"https:\/\/old.mercatflors.cat\/es\/wp-json\/wp\/v2\/tags\/?post=612"}],"curies":[{"name":"wp","href":"https:\/\/api.w.org\/{rel}","templated":true}]}}