{"id":616,"date":"2012-07-10T11:27:06","date_gmt":"2012-07-10T11:27:06","guid":{"rendered":"https:\/\/old.mercatflors.cat\/?p=616"},"modified":"2012-10-10T08:41:00","modified_gmt":"2012-10-10T08:41:00","slug":"del-14-al-17-de-juny-es-va-celebrar-a-cadis-dins-del-festival-cadiz-en-danza-la-trobada-mov-s-2012-lencontre-va-ser-organitzat-pel-mercat-de-les-flors-i-lajuntament-de-cadis-en-el","status":"publish","type":"post","link":"https:\/\/old.mercatflors.cat\/es\/actualidad\/del-14-al-17-de-juny-es-va-celebrar-a-cadis-dins-del-festival-cadiz-en-danza-la-trobada-mov-s-2012-lencontre-va-ser-organitzat-pel-mercat-de-les-flors-i-lajuntament-de-cadis-en-el\/","title":{"rendered":"Balance del MOV-S 2012 en C\u00e1diz"},"content":{"rendered":"<p>Del 14 al 17 de junio se celebr\u00f3 en C\u00e1diz, dentro del Festival C\u00e1diz en Danza, el encuentro Mov-s 2012, organizado por el Mercat de les Flors y el Ayuntamiento de C\u00e1diz en el marco del Bicentenario de la Constituci\u00f3n Espa\u00f1ola de 1812.<\/p>\n<p>El encuentro reuni\u00f3 cerca de 12.400 personas, que asistieron a las funciones de la programaci\u00f3n art\u00edstica. Los grupos de trabajo contaron con la participaci\u00f3n de aproximadamente 200 profesionales de diferentes pa\u00edses y se segmentaron en tres \u00e1mbitos:<\/p>\n<p>&#8211;\u00a0\u00a0\u00a0\u00a0\u00a0\u00a0\u00a0\u00a0\u00a0 Colaboraci\u00f3n p\u00fablica-privada<br \/>\n&#8211;\u00a0\u00a0\u00a0\u00a0\u00a0\u00a0\u00a0\u00a0\u00a0 Sostenibilidad de las pr\u00e1cticas art\u00edsticas<br \/>\n&#8211;\u00a0\u00a0\u00a0\u00a0\u00a0\u00a0\u00a0\u00a0\u00a0 Movilidad y visibilidad<\/p>\n<p>Cada grupo de trabajo tuvo un coordinador: Mar\u00eda Ptqk, Rub\u00e9n Mart\u00ednez y Ainara Mart\u00edn bajo la coordinaci\u00f3n general de Natalia Balseiro, directora de la cuarta edici\u00f3n de Mov-s.<\/p>\n<p>Algunas de las propuestas surgidas fueron \u00a0la necesidad de articular una Red Ib\u00e9rica de Danza, siguiendo el ejemplo de la Red Sudamericana de Danza, y la ampliaci\u00f3n de la web de danza contempor\u00e1nea en Am\u00e9rica Latina y el Caribe\u00a0<a href=\"http:\/\/www.sur-sur.info\/\">www.sur-sur.info<\/a>\u00a0con la participaci\u00f3n de Portugal y Espa\u00f1a.<\/p>\n<p>En encuentro culmin\u00f3 un proceso de trabajo abierto y colaborativo que empez\u00f3 hace casi un a\u00f1o.<\/p>\n<p>Actualmente se est\u00e1n recogiendo y compartiendo los trabajos a trav\u00e9s la web del Mov-s y las redes sociales, tanto el relato del encuentro (audios, v\u00eddeos, mapas conceptuales y textos que env\u00edan las personas que asistieron) as\u00ed como las conclusiones. Tambi\u00e9n se ha abierto un grupo de facebook para hacer una valoraci\u00f3n conjunta.<\/p>\n<p>El proceso colaborativo sigue abierto\u2026<\/p>\n<p><a href=\"http:\/\/www.mov-s.org\/\" target=\"_blank\">Mov-s<\/a><\/p>\n","protected":false},"excerpt":{"rendered":"<p>Del 14 al 17 de junio se celebr\u00f3 en C\u00e1diz, [&hellip;]<\/p>\n","protected":false},"author":1,"featured_media":0,"comment_status":"open","ping_status":"open","sticky":false,"template":"","format":"standard","meta":[],"categories":[16],"tags":[],"_links":{"self":[{"href":"https:\/\/old.mercatflors.cat\/es\/wp-json\/wp\/v2\/posts\/616\/"}],"collection":[{"href":"https:\/\/old.mercatflors.cat\/es\/wp-json\/wp\/v2\/posts\/"}],"about":[{"href":"https:\/\/old.mercatflors.cat\/es\/wp-json\/wp\/v2\/types\/post\/"}],"author":[{"embeddable":true,"href":"https:\/\/old.mercatflors.cat\/es\/wp-json\/wp\/v2\/users\/1\/"}],"replies":[{"embeddable":true,"href":"https:\/\/old.mercatflors.cat\/es\/wp-json\/wp\/v2\/comments\/?post=616"}],"version-history":[{"count":0,"href":"https:\/\/old.mercatflors.cat\/es\/wp-json\/wp\/v2\/posts\/616\/revisions\/"}],"wp:attachment":[{"href":"https:\/\/old.mercatflors.cat\/es\/wp-json\/wp\/v2\/media\/?parent=616"}],"wp:term":[{"taxonomy":"category","embeddable":true,"href":"https:\/\/old.mercatflors.cat\/es\/wp-json\/wp\/v2\/categories\/?post=616"},{"taxonomy":"post_tag","embeddable":true,"href":"https:\/\/old.mercatflors.cat\/es\/wp-json\/wp\/v2\/tags\/?post=616"}],"curies":[{"name":"wp","href":"https:\/\/api.w.org\/{rel}","templated":true}]}}