{"id":6398,"date":"2013-04-23T10:33:36","date_gmt":"2013-04-23T09:33:36","guid":{"rendered":"https:\/\/old.mercatflors.cat\/?p=6398"},"modified":"2013-06-05T12:48:43","modified_gmt":"2013-06-05T11:48:43","slug":"el-director-del-mercat-de-les-flors-recibe-un-premio-continuara-de-tve-catalunya","status":"publish","type":"post","link":"https:\/\/old.mercatflors.cat\/es\/actualidad\/el-director-del-mercat-de-les-flors-recibe-un-premio-continuara-de-tve-catalunya\/","title":{"rendered":"El director del Mercat de les Flors recibe un premio \u201cContinuar\u00e0\u201d de TVE Catalunya"},"content":{"rendered":"<p>Francesc Casades\u00fas recibi\u00f3 ayer lunes 22 de abril el reconocimiento que otorga en forma de premio el programa <i>Continuar\u00e0<\/i> de Televisi\u00f3n Espa\u00f1ola en Catalunya. Este programa cultural, dirigido por Montserrat Momp\u00f3, es uno de los m\u00e1s longevos de la televisi\u00f3n p\u00fablica y celebra la fiesta y los Premios Continuar\u00e0 la v\u00edspea de Sant Jordi desde hace 17 a\u00f1os.<\/p>\n<p>Los premios los reciben representantes de las artes en todas sus disciplinas.<\/p>\n<p><img decoding=\"async\" loading=\"lazy\" class=\"alignleft size-full wp-image-6394\" alt=\"Foto_premi_continuara\" src=\"https:\/\/old.mercatflors.cat\/wp-content\/uploads\/2013\/04\/Foto_premi_continuara.jpg\" width=\"350\" height=\"200\" \/><\/p>\n","protected":false},"excerpt":{"rendered":"<p>Francesc Casades\u00fas recibi\u00f3 ayer lunes 22 de abril el reconocimiento [&hellip;]<\/p>\n","protected":false},"author":1,"featured_media":0,"comment_status":"open","ping_status":"open","sticky":false,"template":"","format":"standard","meta":[],"categories":[16],"tags":[],"_links":{"self":[{"href":"https:\/\/old.mercatflors.cat\/es\/wp-json\/wp\/v2\/posts\/6398\/"}],"collection":[{"href":"https:\/\/old.mercatflors.cat\/es\/wp-json\/wp\/v2\/posts\/"}],"about":[{"href":"https:\/\/old.mercatflors.cat\/es\/wp-json\/wp\/v2\/types\/post\/"}],"author":[{"embeddable":true,"href":"https:\/\/old.mercatflors.cat\/es\/wp-json\/wp\/v2\/users\/1\/"}],"replies":[{"embeddable":true,"href":"https:\/\/old.mercatflors.cat\/es\/wp-json\/wp\/v2\/comments\/?post=6398"}],"version-history":[{"count":0,"href":"https:\/\/old.mercatflors.cat\/es\/wp-json\/wp\/v2\/posts\/6398\/revisions\/"}],"wp:attachment":[{"href":"https:\/\/old.mercatflors.cat\/es\/wp-json\/wp\/v2\/media\/?parent=6398"}],"wp:term":[{"taxonomy":"category","embeddable":true,"href":"https:\/\/old.mercatflors.cat\/es\/wp-json\/wp\/v2\/categories\/?post=6398"},{"taxonomy":"post_tag","embeddable":true,"href":"https:\/\/old.mercatflors.cat\/es\/wp-json\/wp\/v2\/tags\/?post=6398"}],"curies":[{"name":"wp","href":"https:\/\/api.w.org\/{rel}","templated":true}]}}