{"id":6412,"date":"2013-04-23T11:25:32","date_gmt":"2013-04-23T10:25:32","guid":{"rendered":"https:\/\/old.mercatflors.cat\/?p=6412"},"modified":"2013-06-05T12:53:23","modified_gmt":"2013-06-05T11:53:23","slug":"el-mercat-nuevo-socio-de-kids-cluster","status":"publish","type":"post","link":"https:\/\/old.mercatflors.cat\/es\/actualidad\/el-mercat-nuevo-socio-de-kids-cluster\/","title":{"rendered":"El Mercat, nuevo socio de Kid\u2019s Cluster"},"content":{"rendered":"<p>Kid\u2019s Cluster es\u00a0 un colectivo de empresas que colaboran e innovan para la infancia; su objetivo es reforzar la posici\u00f3n de competitividad de las empresas de productos infantiles y fomentar la creaci\u00f3n de productos y servicios que favorezcan las condiciones para el buen desarrollo del ni\u00f1o en todos sus aspectos.<\/p>\n<p>El Mercat de les Flors se ha a\u00f1adido as\u00ed a un gran n\u00famero de empresas catalanas que formas parte de este colectivo.<\/p>\n<p>M\u00e1s informaci\u00f3n <a href=\"Kid\u2019s Cluster es  un colectivo de empresas que colaboran e innovan para la infancia; su objetivo es reforzar la posici\u00f3n de competitividad de las empresas de productos infantiles y fomentar la creaci\u00f3n de productos y servicios que favorezcan las condiciones para el buen desarrollo del ni\u00f1o en todos sus aspectos.  El Mercat de les Flors se ha a\u00f1adido as\u00ed a un gran n\u00famero de empresas catalanas que formas parte de este colectivo.  M\u00e1s informaci\u00f3n AQU\u00cd\" target=\"_blank\"><strong>AQU\u00cd<\/strong><\/a><\/p>\n<p>&nbsp;<\/p>\n","protected":false},"excerpt":{"rendered":"<p>Kid\u2019s Cluster es\u00a0 un colectivo de empresas que colaboran e [&hellip;]<\/p>\n","protected":false},"author":1,"featured_media":0,"comment_status":"open","ping_status":"open","sticky":false,"template":"","format":"standard","meta":[],"categories":[16],"tags":[],"_links":{"self":[{"href":"https:\/\/old.mercatflors.cat\/es\/wp-json\/wp\/v2\/posts\/6412\/"}],"collection":[{"href":"https:\/\/old.mercatflors.cat\/es\/wp-json\/wp\/v2\/posts\/"}],"about":[{"href":"https:\/\/old.mercatflors.cat\/es\/wp-json\/wp\/v2\/types\/post\/"}],"author":[{"embeddable":true,"href":"https:\/\/old.mercatflors.cat\/es\/wp-json\/wp\/v2\/users\/1\/"}],"replies":[{"embeddable":true,"href":"https:\/\/old.mercatflors.cat\/es\/wp-json\/wp\/v2\/comments\/?post=6412"}],"version-history":[{"count":0,"href":"https:\/\/old.mercatflors.cat\/es\/wp-json\/wp\/v2\/posts\/6412\/revisions\/"}],"wp:attachment":[{"href":"https:\/\/old.mercatflors.cat\/es\/wp-json\/wp\/v2\/media\/?parent=6412"}],"wp:term":[{"taxonomy":"category","embeddable":true,"href":"https:\/\/old.mercatflors.cat\/es\/wp-json\/wp\/v2\/categories\/?post=6412"},{"taxonomy":"post_tag","embeddable":true,"href":"https:\/\/old.mercatflors.cat\/es\/wp-json\/wp\/v2\/tags\/?post=6412"}],"curies":[{"name":"wp","href":"https:\/\/api.w.org\/{rel}","templated":true}]}}