{"id":6451,"date":"2013-04-25T15:29:19","date_gmt":"2013-04-25T14:29:19","guid":{"rendered":"https:\/\/old.mercatflors.cat\/?p=6451"},"modified":"2013-05-06T11:47:01","modified_gmt":"2013-05-06T10:47:01","slug":"una-nueva-colaboracion-del-mercat-con-la-fundacion-alicia","status":"publish","type":"post","link":"https:\/\/old.mercatflors.cat\/es\/actualidad\/una-nueva-colaboracion-del-mercat-con-la-fundacion-alicia\/","title":{"rendered":"Una nueva colaboraci\u00f3n del Mercat con la Fundaci\u00f3n Al\u00edcia"},"content":{"rendered":"<p>Fruto de la colaboraci\u00f3n en el Programa TAS de la Fundaci\u00f3n Alicia, el Mercat de les Flors participa en la jornada \u201cAlicia\u2019t\u201d, que celebra los 5 a\u00f1os de Al\u00edcia a M\u00f3n Sant Benet y donde se presentan los diferentes programas y entidades con quien ha colaborado Al\u00edcia en estos a\u00f1os.<\/p>\n<p>El programa Tas de la Fundaci\u00f3n Alicia \u00e9s un m\u00e9todo de fomento de la alimentaci\u00f3n saludable y la actividad f\u00edsica en el entorno escolar. Focalizado en los alumnos de secundaria, la Fundaci\u00f3n propone una serie de actividades dirigida a los adolescentes con el objetivo de que tomen conciencia de los valores de la alimentaci\u00f3n y de la actividad f\u00edsica y por lo tanto lleven una vida m\u00e1s saludable. El programa ha incorporado este a\u00f1o al Mercat de les Flors como referente de la danza para dise\u00f1ar e impartir unos talleres en las escuelas participantes; \u00a0el objetivo es descubrir la danza como otra manera de realizar actividad f\u00edsica, a la vez \u00a0que de comprensi\u00f3n y conocimiento del propio cuerpo, actividad a la que no siempre es f\u00e1cil que los adolescentes tengan acceso.<\/p>\n<p>M\u00e1 informaci\u00f3n <a href=\"&quot;http:\/\/www.alicia.cat\/festaalicia\/index.html&quot;\" target=\"_blank\"><span style=\"color: #0000ff;\"><strong>AQU\u00cd<\/strong><\/span><\/a><\/p>\n<p>&nbsp;<\/p>\n","protected":false},"excerpt":{"rendered":"<p>Fruto de la colaboraci\u00f3n en el Programa TAS de la [&hellip;]<\/p>\n","protected":false},"author":1,"featured_media":0,"comment_status":"open","ping_status":"open","sticky":false,"template":"","format":"standard","meta":[],"categories":[16],"tags":[],"_links":{"self":[{"href":"https:\/\/old.mercatflors.cat\/es\/wp-json\/wp\/v2\/posts\/6451\/"}],"collection":[{"href":"https:\/\/old.mercatflors.cat\/es\/wp-json\/wp\/v2\/posts\/"}],"about":[{"href":"https:\/\/old.mercatflors.cat\/es\/wp-json\/wp\/v2\/types\/post\/"}],"author":[{"embeddable":true,"href":"https:\/\/old.mercatflors.cat\/es\/wp-json\/wp\/v2\/users\/1\/"}],"replies":[{"embeddable":true,"href":"https:\/\/old.mercatflors.cat\/es\/wp-json\/wp\/v2\/comments\/?post=6451"}],"version-history":[{"count":0,"href":"https:\/\/old.mercatflors.cat\/es\/wp-json\/wp\/v2\/posts\/6451\/revisions\/"}],"wp:attachment":[{"href":"https:\/\/old.mercatflors.cat\/es\/wp-json\/wp\/v2\/media\/?parent=6451"}],"wp:term":[{"taxonomy":"category","embeddable":true,"href":"https:\/\/old.mercatflors.cat\/es\/wp-json\/wp\/v2\/categories\/?post=6451"},{"taxonomy":"post_tag","embeddable":true,"href":"https:\/\/old.mercatflors.cat\/es\/wp-json\/wp\/v2\/tags\/?post=6451"}],"curies":[{"name":"wp","href":"https:\/\/api.w.org\/{rel}","templated":true}]}}