{"id":6456,"date":"2013-04-25T16:12:03","date_gmt":"2013-04-25T15:12:03","guid":{"rendered":"https:\/\/old.mercatflors.cat\/?p=6456"},"modified":"2013-05-06T11:47:59","modified_gmt":"2013-05-06T10:47:59","slug":"la-tercera-edicion-del-bide-barcelona-international-dance-exchange-se-celebra-en-barcelona","status":"publish","type":"post","link":"https:\/\/old.mercatflors.cat\/es\/actualidad\/la-tercera-edicion-del-bide-barcelona-international-dance-exchange-se-celebra-en-barcelona\/","title":{"rendered":"La quinta edici\u00f3n del BIDE (Barcelona International Dance Exchange) se celebra en Barcelona"},"content":{"rendered":"<p>Barcelona International Dance Exchange (BIDE) es una plataforma de trabajo en red y de intercambio creativo entre core\u00f3grafos, bailarines y performers profesionales. El inter\u00e9s de BIDE es la performance, la investigaci\u00f3n y la ense\u00f1anza. Los participantes deben ser profesionales y contar con experiencia en estas \u00e1reas. Con esta finalidad, BIDE celebra este encuentro en Barcelona, en el Graner f\u00e1brica de creaci\u00f3n y en el Mercat de les Flors, donde participan\u00a050 bailarines de 17 pa\u00edses.<\/p>\n<p>El viernes 26 de abril se mostrar\u00e1 el resultado de los dos d\u00edas de trabajo de laboratorio en el Graner. Ser\u00e0 a las 20:30 h en el Mercat, entrada gratuita con aforo limitado.<\/p>\n<p>M\u00e1s informaci\u00f3n <a href=\"http:\/\/www.bide.be\/en\/es.html\" target=\"_blank\"><strong><span style=\"color: #0000ff;\">AQU\u00cd<\/span><\/strong><\/a><\/p>\n<p>&nbsp;<\/p>\n","protected":false},"excerpt":{"rendered":"<p>Barcelona International Dance Exchange (BIDE) es una plataforma de trabajo [&hellip;]<\/p>\n","protected":false},"author":1,"featured_media":0,"comment_status":"open","ping_status":"open","sticky":false,"template":"","format":"standard","meta":[],"categories":[16],"tags":[],"_links":{"self":[{"href":"https:\/\/old.mercatflors.cat\/es\/wp-json\/wp\/v2\/posts\/6456\/"}],"collection":[{"href":"https:\/\/old.mercatflors.cat\/es\/wp-json\/wp\/v2\/posts\/"}],"about":[{"href":"https:\/\/old.mercatflors.cat\/es\/wp-json\/wp\/v2\/types\/post\/"}],"author":[{"embeddable":true,"href":"https:\/\/old.mercatflors.cat\/es\/wp-json\/wp\/v2\/users\/1\/"}],"replies":[{"embeddable":true,"href":"https:\/\/old.mercatflors.cat\/es\/wp-json\/wp\/v2\/comments\/?post=6456"}],"version-history":[{"count":0,"href":"https:\/\/old.mercatflors.cat\/es\/wp-json\/wp\/v2\/posts\/6456\/revisions\/"}],"wp:attachment":[{"href":"https:\/\/old.mercatflors.cat\/es\/wp-json\/wp\/v2\/media\/?parent=6456"}],"wp:term":[{"taxonomy":"category","embeddable":true,"href":"https:\/\/old.mercatflors.cat\/es\/wp-json\/wp\/v2\/categories\/?post=6456"},{"taxonomy":"post_tag","embeddable":true,"href":"https:\/\/old.mercatflors.cat\/es\/wp-json\/wp\/v2\/tags\/?post=6456"}],"curies":[{"name":"wp","href":"https:\/\/api.w.org\/{rel}","templated":true}]}}