{"id":6484,"date":"2013-05-02T00:46:07","date_gmt":"2013-05-01T23:46:07","guid":{"rendered":"https:\/\/old.mercatflors.cat\/?p=6484"},"modified":"2013-05-13T12:44:24","modified_gmt":"2013-05-13T11:44:24","slug":"abierta-la-convocatoria-para-la-financiacion-de-un-proyecto-de-danza-y-sociedad","status":"publish","type":"post","link":"https:\/\/old.mercatflors.cat\/es\/actualidad\/abierta-la-convocatoria-para-la-financiacion-de-un-proyecto-de-danza-y-sociedad\/","title":{"rendered":"Abierta la convocatoria para la financiaci\u00f3n de un proyecto de Danza y Sociedad"},"content":{"rendered":"<p>La <a href=\"http:\/\/dansacat.org\/\" target=\"_blank\"><strong>Associaci\u00f3 de Professionals de la Dansa de Catalunya<\/strong><\/a> abre una convocatoria, despu\u00e9s de un acuerdo con el Mercat de les Flors formalizado mediante convenio de fecha 24 de Abril de 2013 para destinar la recaptaci\u00f3n del taquillaje obtenido de la venta de entradas de la <a href=\"https:\/\/old.mercatflors.cat\/es\/espectacle\/gala-ex-it-2\/\"><strong>Gala EX-IT<\/strong><\/a>, para la financiaci\u00f3n de un proyecto art\u00edstico que haya trabajado activamente la incorporaci\u00f3n de la danza en la sociedad.<\/p>\n<p><strong>El plazo de presentaci\u00f3n de las propuestas finalizar\u00e1 el jueves 30 de Mayo de 2013 a las 14.00 horas<\/strong><\/p>\n<p><span style=\"text-decoration: underline;\"><a onclick=\"_gaq.push(['_trackEvent', 'pdf', 'descarga', 'convo dansa i societat', '\/wp-content\/uploads\/2013\/05\/CONVOCAT\u00d2RIA-APDC.pdf']);\" href=\"\/wp-content\/uploads\/2013\/05\/CONVOCAT\u00d2RIA-APDC.pdf\" target=\"_blank\"><strong>Consultar aqu\u00ed las bases completas de la convocatoria<\/strong><\/a><\/span><\/p>\n","protected":false},"excerpt":{"rendered":"<p>La Associaci\u00f3 de Professionals de la Dansa de Catalunya abre [&hellip;]<\/p>\n","protected":false},"author":1,"featured_media":0,"comment_status":"open","ping_status":"open","sticky":false,"template":"","format":"standard","meta":[],"categories":[16],"tags":[],"_links":{"self":[{"href":"https:\/\/old.mercatflors.cat\/es\/wp-json\/wp\/v2\/posts\/6484\/"}],"collection":[{"href":"https:\/\/old.mercatflors.cat\/es\/wp-json\/wp\/v2\/posts\/"}],"about":[{"href":"https:\/\/old.mercatflors.cat\/es\/wp-json\/wp\/v2\/types\/post\/"}],"author":[{"embeddable":true,"href":"https:\/\/old.mercatflors.cat\/es\/wp-json\/wp\/v2\/users\/1\/"}],"replies":[{"embeddable":true,"href":"https:\/\/old.mercatflors.cat\/es\/wp-json\/wp\/v2\/comments\/?post=6484"}],"version-history":[{"count":0,"href":"https:\/\/old.mercatflors.cat\/es\/wp-json\/wp\/v2\/posts\/6484\/revisions\/"}],"wp:attachment":[{"href":"https:\/\/old.mercatflors.cat\/es\/wp-json\/wp\/v2\/media\/?parent=6484"}],"wp:term":[{"taxonomy":"category","embeddable":true,"href":"https:\/\/old.mercatflors.cat\/es\/wp-json\/wp\/v2\/categories\/?post=6484"},{"taxonomy":"post_tag","embeddable":true,"href":"https:\/\/old.mercatflors.cat\/es\/wp-json\/wp\/v2\/tags\/?post=6484"}],"curies":[{"name":"wp","href":"https:\/\/api.w.org\/{rel}","templated":true}]}}