{"id":6543,"date":"2013-05-06T12:47:12","date_gmt":"2013-05-06T11:47:12","guid":{"rendered":"https:\/\/old.mercatflors.cat\/?p=6543"},"modified":"2013-06-05T12:35:09","modified_gmt":"2013-06-05T11:35:09","slug":"cadena-de-favores-se-buscan-bailarines-de-flamenco-para-intercambio","status":"publish","type":"post","link":"https:\/\/old.mercatflors.cat\/es\/actualidad\/cadena-de-favores-se-buscan-bailarines-de-flamenco-para-intercambio\/","title":{"rendered":"Cadena de favores: se buscan bailarines de flamenco para intercambio"},"content":{"rendered":"<p><strong>CADENA DE FAVORES: SE BUSCAN BAILARINES DE FLAMENCO PARA HACER UN INTERCAMBIO CON LA COMPA\u00d1\u00cdA GRIEGA DE DANZA CONTEMPOR\u00c1NEA AERITES<\/strong><\/p>\n<p>El ciclo Flamenco Emp\u00edrico, comisariado por Juan Carlos L\u00e9rida en el marco del Festival Ciutat Flamenco (<span style=\"color: #0000ff;\"><a href=\"http:\/\/ciutatflamenco.com\"><span style=\"color: #0000ff;\">http:\/\/ciutatflamenco.com<\/span><\/a><\/span>), acoge a la core\u00f3grafa Patricia Apergi durante la residencia de creaci\u00f3n que realizar\u00e1 en la f\u00e1brica de creaci\u00f3n Graner (<a href=\"http:\/\/www.granerbcn.cat\" target=\"_blank\"><span style=\"color: #0000ff;\">www.granerbcn.cat<\/span>)<\/a>. Patricia y su compa\u00f1\u00eda, Aerites Dance Company, han sido seleccionadas este a\u00f1o por el proyecto europeo modul-dance (<span style=\"color: #0000ff;\"><a href=\"http:\/\/www.modul-dance.eu\"><span style=\"color: #0000ff;\">www.modul-dance.eu<\/span><\/a><\/span>), liderado por el Mercat de les Flors, y estar\u00e1 en el Graner investigando sobre el mundo del flamenco y particularmente sobre el <i>baile flamenco<\/i>, una de las piezas fundamentales en la creaci\u00f3n de su pr\u00f3ximo espect\u00e1culo.<\/p>\n<p>Dentro de esta residencia, la compa\u00f1\u00eda desea establecer un di\u00e1logo con <i>bailaores <\/i>y <i>bailaoras <\/i>a partir del intercambio de sus propias t\u00e9cnicas de danza. Por un lado, los <i>bailaores <\/i>y <i>bailaoras<\/i> transmitir\u00e1n a la compa\u00f1\u00eda sus t\u00e9cnicas b\u00e1sicas de flamenco, mientras que la compa\u00f1\u00eda ofrecer\u00e1 un taller sobre su lenguaje de movimiento, basado en la t\u00e9cnica de la danza contempor\u00e1nea y la improvisaci\u00f3n.<\/p>\n<p>Los encuentros de intercambio ser\u00e1n en los espacios del Graner (C\/ Jane Addams 14-16, Barcelona) el<strong> martes 21 y el mi\u00e9rcoles 22 de mayo de 16h a 20h.<\/strong><\/p>\n<p><b>El objetivo de <i>Cadena de Favores<\/i> es generar el intercambio de conocimiento entre artistas que trabajan dos lenguajes del movimiento diferentes: el de la danza contempor\u00e1nea y el del flamenco, a la vez que facilitar el encuentro entre artistas nacionales e internacionales del mundo de la danza.\u00a0 <\/b><\/p>\n<p>Si quieres participar, env\u00eda un mail con tu curr\u00edculum a <span style=\"color: #0000ff;\"><strong>info@granerbcn.cat <\/strong><\/span>antes del <strong>lunes 13 de mayo<\/strong>. Las personas seleccionadas el mi\u00e9rcoles 15 de mayo.<\/p>\n<p>Si quieres ver trabajos de Patricia Apergi\/Aerites Dance Company, clica <span style=\"color: #0000ff;\"><strong><a href=\"http:\/\/www.youtube.com\/user\/patriciaapergi?feature=watch\" target=\"_blank\"><span style=\"color: #0000ff;\">AQU\u00cd<\/span><\/a><\/strong><\/span><\/p>\n","protected":false},"excerpt":{"rendered":"<p>CADENA DE FAVORES: SE BUSCAN BAILARINES DE FLAMENCO PARA HACER [&hellip;]<\/p>\n","protected":false},"author":1,"featured_media":0,"comment_status":"open","ping_status":"open","sticky":false,"template":"","format":"standard","meta":[],"categories":[16],"tags":[],"_links":{"self":[{"href":"https:\/\/old.mercatflors.cat\/es\/wp-json\/wp\/v2\/posts\/6543\/"}],"collection":[{"href":"https:\/\/old.mercatflors.cat\/es\/wp-json\/wp\/v2\/posts\/"}],"about":[{"href":"https:\/\/old.mercatflors.cat\/es\/wp-json\/wp\/v2\/types\/post\/"}],"author":[{"embeddable":true,"href":"https:\/\/old.mercatflors.cat\/es\/wp-json\/wp\/v2\/users\/1\/"}],"replies":[{"embeddable":true,"href":"https:\/\/old.mercatflors.cat\/es\/wp-json\/wp\/v2\/comments\/?post=6543"}],"version-history":[{"count":0,"href":"https:\/\/old.mercatflors.cat\/es\/wp-json\/wp\/v2\/posts\/6543\/revisions\/"}],"wp:attachment":[{"href":"https:\/\/old.mercatflors.cat\/es\/wp-json\/wp\/v2\/media\/?parent=6543"}],"wp:term":[{"taxonomy":"category","embeddable":true,"href":"https:\/\/old.mercatflors.cat\/es\/wp-json\/wp\/v2\/categories\/?post=6543"},{"taxonomy":"post_tag","embeddable":true,"href":"https:\/\/old.mercatflors.cat\/es\/wp-json\/wp\/v2\/tags\/?post=6543"}],"curies":[{"name":"wp","href":"https:\/\/api.w.org\/{rel}","templated":true}]}}