{"id":6577,"date":"2013-05-06T14:58:50","date_gmt":"2013-05-06T13:58:50","guid":{"rendered":"https:\/\/old.mercatflors.cat\/?p=6577"},"modified":"2013-05-31T11:20:33","modified_gmt":"2013-05-31T10:20:33","slug":"segunda-seleccion-para-participar-en-la-ventana-de-internacionalizacion-de-la-danza-catalana-en-el-festival-grec","status":"publish","type":"post","link":"https:\/\/old.mercatflors.cat\/es\/actualidad\/segunda-seleccion-para-participar-en-la-ventana-de-internacionalizacion-de-la-danza-catalana-en-el-festival-grec\/","title":{"rendered":"Segunda selecci\u00f3n para participar en la Ventana de internacionalizaci\u00f3n de la danza catalana en el Festival Grec"},"content":{"rendered":"<p>(Alemania, Tanzmesse), Leonel Brum (Brasil, Panorama), Eddie Nixon (Reino Unido, The Place), Benjamin Perchet (Francia, La Maison de la danse y Biennal), Moica Jug (Eslovenia, Bunker), Francine Bernier (Canad\u00e1, Agora de la danse), y es la comisi\u00f3n encargada de realizar la Fase I y la Fase II. Esta comisi\u00f3n estar\u00e1 presente tambi\u00e9n durante los d\u00edas de exhibici\u00f3n de la \u201cventana de internacionalizaci\u00f3n de la danza catalana\u201d dentro del Festival Grec.<\/p>\n<p>Finalmente, pasan a la <strong>Fase II 38 propuestas<\/strong>. Puedes consultar los seleccionados <span style=\"text-decoration: underline;\"><a onclick=\"_gaq.push(['_trackEvent', 'pdf', 'descarga', 'llista seleccionats fase II finestra dansa (17052013)', '\/wp-content\/uploads\/2013\/05\/LLISTA-FASE-2-FINESTRA-GREC_38.pdf']);\" href=\"\/wp-content\/uploads\/2013\/05\/LLISTA-FASE-2-FINESTRA-GREC_38.pdf\" target=\"_blank\"><strong>AQU\u00cd<\/strong><\/a><\/span><\/p>\n<p>Con este proyecte, el Grec Festival de Barcelona quiere dar un paso m\u00e1s en el \u00e1mbito de la proyecci\u00f3n internacional de la creaci\u00f3n esc\u00e9nica catalana. Es por este motivo que, del 9 al 12 de julio, se invitar\u00e1 a un grupo representativo de programadores y profesionales de todo el mundo a un encuentro que, en un ambiente distendido, pretende que sea un nuevo foco generador de proyectos de exhibici\u00f3n, de producci\u00f3n y de intercambio de ideas.<\/p>\n<p>Dentro de este encuentro se plantean dos itinerarios, uno de danza y otro multidisciplinario, con algunas actividades comunes.<\/p>\n<p>El itinerario de danza incluye una Ventana de Visibilidad Profesional del 9 al 11 de julio, organizada por el mismo festival, el Mercat de les Flors \u2013 Graner con el apoyo de la Asociaci\u00f3n de Profesionales de la Danza de Catalunya (APdC), la Asociaci\u00f3n de Compa\u00f1\u00edas Profesionales de la Danza de Catalunya (ACPdC), el Institut Ramon Llull, Barcelona Capital y el Departament de Cultura de la Generalitat de Catalunya.<\/p>\n<p>Esta Ventana de Visibilidad consistir\u00e1 en la exhibici\u00f3n de un m\u00e1ximo de 7 piezas de danza que configurar\u00e1n durante tres d\u00edas un itinerario espec\u00edfico para programadores internacionales. Las piezas se escoger\u00e1n en convocatoria abierta y las valorar\u00e1 una comisi\u00f3n internacional. Los espacios de exhibici\u00f3n ser\u00e1n la sala G i MT del Graner, la sala Pina Bausch del Mercat de les Flors y el saT! Sant Andreu Teatre.<\/p>\n","protected":false},"excerpt":{"rendered":"<p>(Alemania, Tanzmesse), Leonel Brum (Brasil, Panorama), Eddie Nixon (Reino Unido, [&hellip;]<\/p>\n","protected":false},"author":1,"featured_media":0,"comment_status":"open","ping_status":"open","sticky":false,"template":"","format":"standard","meta":[],"categories":[16],"tags":[],"_links":{"self":[{"href":"https:\/\/old.mercatflors.cat\/es\/wp-json\/wp\/v2\/posts\/6577\/"}],"collection":[{"href":"https:\/\/old.mercatflors.cat\/es\/wp-json\/wp\/v2\/posts\/"}],"about":[{"href":"https:\/\/old.mercatflors.cat\/es\/wp-json\/wp\/v2\/types\/post\/"}],"author":[{"embeddable":true,"href":"https:\/\/old.mercatflors.cat\/es\/wp-json\/wp\/v2\/users\/1\/"}],"replies":[{"embeddable":true,"href":"https:\/\/old.mercatflors.cat\/es\/wp-json\/wp\/v2\/comments\/?post=6577"}],"version-history":[{"count":0,"href":"https:\/\/old.mercatflors.cat\/es\/wp-json\/wp\/v2\/posts\/6577\/revisions\/"}],"wp:attachment":[{"href":"https:\/\/old.mercatflors.cat\/es\/wp-json\/wp\/v2\/media\/?parent=6577"}],"wp:term":[{"taxonomy":"category","embeddable":true,"href":"https:\/\/old.mercatflors.cat\/es\/wp-json\/wp\/v2\/categories\/?post=6577"},{"taxonomy":"post_tag","embeddable":true,"href":"https:\/\/old.mercatflors.cat\/es\/wp-json\/wp\/v2\/tags\/?post=6577"}],"curies":[{"name":"wp","href":"https:\/\/api.w.org\/{rel}","templated":true}]}}