{"id":6649,"date":"2013-05-09T15:38:56","date_gmt":"2013-05-09T14:38:56","guid":{"rendered":"https:\/\/old.mercatflors.cat\/?p=6649"},"modified":"2013-07-02T11:59:47","modified_gmt":"2013-07-02T10:59:47","slug":"el-coreografo-marcos-morau-recibe-el-premio-fad-sebastia-gasch-2013","status":"publish","type":"post","link":"https:\/\/old.mercatflors.cat\/es\/actualidad\/el-coreografo-marcos-morau-recibe-el-premio-fad-sebastia-gasch-2013\/","title":{"rendered":"El core\u00f3grafo Marcos Morau recibe el Premio FAD Sebasti\u00e0 Gasch 2013"},"content":{"rendered":"<p><strong>Marcos Morau<\/strong>, director de la compa\u00f1\u00eda La Veronal, y los dramaturgos<strong> Pablo Gisbert y Roberto Fratini<\/strong>, han sido galardonadon con el Premio FAD Sebasti\u00e0 Gasch de este a\u00f1o, junto al espect\u00e1culo <i>El cielo de los tristes<\/i>, de<strong> loscorderos<\/strong>. Morau es artista asociado al Mercat de les Flors y estren\u00f3 el pasado mes de abril su nuevo espectacle <i>Siena<\/i>, coproducido por el propio Mercat.<\/p>\n<p>loscorderos tambi\u00e9n son artistas muy pr\u00f3ximos al Mercat, que ha coproducido alguna de sus creaciones y forman parte del proyecto europeo de apoyo a los creadores modul-dance a propuesta del Mercat.<\/p>\n<p>Tambi\u00e9n el espect\u00e1culo <i>Press<\/i>, del core\u00f3grafo franc\u00e9s <strong>Pierre Riga<\/strong>l, que se present\u00f3 en el Mercat dentro del festival IDN el pasado mes de febrero, ha recibido el premio Aplauso Internacional. Y <strong>Jordi Gal\u00ed<\/strong>, que tuvimos en la Secci\u00f3n Irregular del Mercat el pasado mes de febrero con el espect\u00e1culo <em>T<\/em>, ha recibido el premio Aplausos a la Creaci\u00f3n Emergente.<\/p>\n<p>\u00a1Felicidades a todos estos artistas!<\/p>\n","protected":false},"excerpt":{"rendered":"<p>Marcos Morau, director de la compa\u00f1\u00eda La Veronal, y los [&hellip;]<\/p>\n","protected":false},"author":1,"featured_media":0,"comment_status":"open","ping_status":"open","sticky":false,"template":"","format":"standard","meta":[],"categories":[16],"tags":[],"_links":{"self":[{"href":"https:\/\/old.mercatflors.cat\/es\/wp-json\/wp\/v2\/posts\/6649\/"}],"collection":[{"href":"https:\/\/old.mercatflors.cat\/es\/wp-json\/wp\/v2\/posts\/"}],"about":[{"href":"https:\/\/old.mercatflors.cat\/es\/wp-json\/wp\/v2\/types\/post\/"}],"author":[{"embeddable":true,"href":"https:\/\/old.mercatflors.cat\/es\/wp-json\/wp\/v2\/users\/1\/"}],"replies":[{"embeddable":true,"href":"https:\/\/old.mercatflors.cat\/es\/wp-json\/wp\/v2\/comments\/?post=6649"}],"version-history":[{"count":0,"href":"https:\/\/old.mercatflors.cat\/es\/wp-json\/wp\/v2\/posts\/6649\/revisions\/"}],"wp:attachment":[{"href":"https:\/\/old.mercatflors.cat\/es\/wp-json\/wp\/v2\/media\/?parent=6649"}],"wp:term":[{"taxonomy":"category","embeddable":true,"href":"https:\/\/old.mercatflors.cat\/es\/wp-json\/wp\/v2\/categories\/?post=6649"},{"taxonomy":"post_tag","embeddable":true,"href":"https:\/\/old.mercatflors.cat\/es\/wp-json\/wp\/v2\/tags\/?post=6649"}],"curies":[{"name":"wp","href":"https:\/\/api.w.org\/{rel}","templated":true}]}}