{"id":7134,"date":"2013-06-07T14:51:23","date_gmt":"2013-06-07T13:51:23","guid":{"rendered":"https:\/\/old.mercatflors.cat\/?p=7134"},"modified":"2013-06-21T14:07:29","modified_gmt":"2013-06-21T13:07:29","slug":"convocatoria-leim","status":"publish","type":"post","link":"https:\/\/old.mercatflors.cat\/es\/actualidad\/convocatoria-leim\/","title":{"rendered":"Convocatoria de una ayuda a la formaci\u00f3n para 2 profesionales de la danza a nivel europeo"},"content":{"rendered":"<p>El proyecto <strong>L\u00c9IM \u2013 Dance Leadership Project <\/strong> financiado por el programa Cultura 2007\u20102013 de la Uni\u00f3n Europea ha desarrollado un programa innovador que ofrece a diez participantes seleccionados a raz\u00f3n de dos por cada uno de los cinco pa\u00edses involucrados \u2010 el Consorcio Mercat de les Flors\/Centre de les Arts de Moviment (ES), Dance Ireland (IE), actuando como l\u00edder del proyecto, CSC \/ Bassano del Grappa (IT), Dance House Lemesos (CY) y TanzHaus nrw D\u00fcsseldorf (DE) \u2010 la oportunidad de emprender un programa de desarrollo profesional en el campo de la danza en colaboraci\u00f3n con organizaciones que cuentan con una larga experiencia en el s\u00ed de la Uni\u00f3n Europea.<\/p>\n<p>El Consorcio Mercat de les Flors\/Centre de les Arts de Moviment, en el context actual, entiende necesario participar en este programa ofreciendo a los candidatos seleccionados la posibilidad de aprender, intercambiar e implementar sus proyectos del \u00e1mbito de la danza mientras interact\u00faan con nuevos contextos culturales. Juntos, los seleccionados, con el apoyo de las instituciones que los acoger\u00e1n y sus comunidades art\u00edsticas, compartir\u00e1n sus experiencias e ideas y crear\u00e1n nuevos modelos de trabajo con la finalidad de cubrir las necesidades reales de los artistas y las instituciones del mundo de la danza actual.<\/p>\n<p>L\u00c9IM les ofrecer\u00e1, adem\u00e1s, oportunidades de desarrollo profesional a trav\u00e9s de la formaci\u00f3n, acompa\u00f1amiento, apoyo y est\u00edmulo que se les facilitar\u00e1 a trav\u00e9s del proyecto.<\/p>\n<p><span style=\"text-decoration: underline;\"><span style=\"color: #0000ff;\"><a href=\"https:\/\/old.mercatflors.cat\/el-mercat\/perfil-del-contractant\/\"><span style=\"color: #0000ff; text-decoration: underline;\">Consultad aqu\u00ed las condiciones econ\u00f3micas, los requisitos de participaci\u00f3n y el modelo de solicitud para optar a la ayuda<\/span><\/a><\/span><\/span><span style=\"color: #000000;\"> (disponible s\u00f3lo en catal\u00e1n)<\/span><\/p>\n<p>El plazo de presentaci\u00f3n de solicitudes acaba el <strong>lunes 17 de Junio a las 14.00 horas<\/strong><\/p>\n","protected":false},"excerpt":{"rendered":"<p>El proyecto L\u00c9IM \u2013 Dance Leadership Project financiado por el [&hellip;]<\/p>\n","protected":false},"author":1,"featured_media":0,"comment_status":"open","ping_status":"open","sticky":false,"template":"","format":"standard","meta":[],"categories":[16],"tags":[],"_links":{"self":[{"href":"https:\/\/old.mercatflors.cat\/es\/wp-json\/wp\/v2\/posts\/7134\/"}],"collection":[{"href":"https:\/\/old.mercatflors.cat\/es\/wp-json\/wp\/v2\/posts\/"}],"about":[{"href":"https:\/\/old.mercatflors.cat\/es\/wp-json\/wp\/v2\/types\/post\/"}],"author":[{"embeddable":true,"href":"https:\/\/old.mercatflors.cat\/es\/wp-json\/wp\/v2\/users\/1\/"}],"replies":[{"embeddable":true,"href":"https:\/\/old.mercatflors.cat\/es\/wp-json\/wp\/v2\/comments\/?post=7134"}],"version-history":[{"count":0,"href":"https:\/\/old.mercatflors.cat\/es\/wp-json\/wp\/v2\/posts\/7134\/revisions\/"}],"wp:attachment":[{"href":"https:\/\/old.mercatflors.cat\/es\/wp-json\/wp\/v2\/media\/?parent=7134"}],"wp:term":[{"taxonomy":"category","embeddable":true,"href":"https:\/\/old.mercatflors.cat\/es\/wp-json\/wp\/v2\/categories\/?post=7134"},{"taxonomy":"post_tag","embeddable":true,"href":"https:\/\/old.mercatflors.cat\/es\/wp-json\/wp\/v2\/tags\/?post=7134"}],"curies":[{"name":"wp","href":"https:\/\/api.w.org\/{rel}","templated":true}]}}