{"id":7180,"date":"2013-06-10T17:10:38","date_gmt":"2013-06-10T16:10:38","guid":{"rendered":"https:\/\/old.mercatflors.cat\/?p=7180"},"modified":"2013-07-08T10:35:20","modified_gmt":"2013-07-08T09:35:20","slug":"15-companias-seleccionadas-para-la-ventana-de-visibilidad","status":"publish","type":"post","link":"https:\/\/old.mercatflors.cat\/es\/actualidad\/15-companias-seleccionadas-para-la-ventana-de-visibilidad\/","title":{"rendered":"15 compa\u00f1\u00edas seleccionadas para la Ventana de Visibilidad"},"content":{"rendered":"<p><b>Con el objetivo de abrir caminos a los profesionales de la danza en Catalunya<\/b><\/p>\n<p>De las 38 compa\u00f1\u00edas que se han presentado para acceder a la Ventana de internacionalizaci\u00f3n de la danza catalana se han seleccionado 15. Del 9 al 12 de julio, dentro del festival Grec, se exhibir\u00e1n las piezas de danza de las compa\u00f1\u00edas seleccionadas que configurar\u00e1n durante tres d\u00edas un itinerario espec\u00edfico para programadores internacionales. Las piezas se podr\u00e1n ver en el Graner, el Mercat de les Flors y el saT! Sant Andreu Teatre.<\/p>\n<p>Esta iniciativa, promovida por el Mercat, la Asociaci\u00f3n de Profesionales de la Danza de Catalunya APdC, la Asociaci\u00f3n de Compa\u00f1\u00edas de Danza de Catalunya ACPdC, el Departamento de Cultura de la Generalitat, el Instituto de Cultura de Barcelona, el Instituto Ramon Llull y el PICE (Programa de Internacionalizaci\u00f3n de la Cultura Espa\u00f1ola).<\/p>\n<p>Las compa\u00f1\u00edas seleccionadas han sido 15, de las cuales 10 representar\u00e1n piezas esc\u00e9nicas (Guy Nader, Pere Faura, Marcos Morau\/La Veronal, Albert Quesada, S\u00f2nia S\u00e1nchez, Olga \u00c1lvarez\/Cia La Taimada , El Conde de Torrefiel, loscorderos, Aimar P\u00e9rez y Lali Ayguad\u00e9) y 6 explicar\u00e1n sus proyectos (\u00d3scar Sol e Iris Heitzinger, Sociedad Doctor Alonso, Cia. Contrapunctus, Roberto Oliv\u00e1n\/Enclave Arts del Moviment, Roser L\u00f3pez Espinosa y Guido Sarli \/Manuel Rodr\u00edguez).<\/p>\n","protected":false},"excerpt":{"rendered":"<p>Con el objetivo de abrir caminos a los profesionales de [&hellip;]<\/p>\n","protected":false},"author":1,"featured_media":0,"comment_status":"open","ping_status":"open","sticky":false,"template":"","format":"standard","meta":[],"categories":[16],"tags":[],"_links":{"self":[{"href":"https:\/\/old.mercatflors.cat\/es\/wp-json\/wp\/v2\/posts\/7180\/"}],"collection":[{"href":"https:\/\/old.mercatflors.cat\/es\/wp-json\/wp\/v2\/posts\/"}],"about":[{"href":"https:\/\/old.mercatflors.cat\/es\/wp-json\/wp\/v2\/types\/post\/"}],"author":[{"embeddable":true,"href":"https:\/\/old.mercatflors.cat\/es\/wp-json\/wp\/v2\/users\/1\/"}],"replies":[{"embeddable":true,"href":"https:\/\/old.mercatflors.cat\/es\/wp-json\/wp\/v2\/comments\/?post=7180"}],"version-history":[{"count":0,"href":"https:\/\/old.mercatflors.cat\/es\/wp-json\/wp\/v2\/posts\/7180\/revisions\/"}],"wp:attachment":[{"href":"https:\/\/old.mercatflors.cat\/es\/wp-json\/wp\/v2\/media\/?parent=7180"}],"wp:term":[{"taxonomy":"category","embeddable":true,"href":"https:\/\/old.mercatflors.cat\/es\/wp-json\/wp\/v2\/categories\/?post=7180"},{"taxonomy":"post_tag","embeddable":true,"href":"https:\/\/old.mercatflors.cat\/es\/wp-json\/wp\/v2\/tags\/?post=7180"}],"curies":[{"name":"wp","href":"https:\/\/api.w.org\/{rel}","templated":true}]}}