{"id":7357,"date":"2013-06-26T09:36:38","date_gmt":"2013-06-26T08:36:38","guid":{"rendered":"https:\/\/old.mercatflors.cat\/?p=7357"},"modified":"2013-07-18T14:48:14","modified_gmt":"2013-07-18T13:48:14","slug":"una-historia-moguda-una-nueva-actividad-del-mercat-y-toni-jodar","status":"publish","type":"post","link":"https:\/\/old.mercatflors.cat\/es\/actualidad\/una-historia-moguda-una-nueva-actividad-del-mercat-y-toni-jodar\/","title":{"rendered":"Una hist\u00f2ria moguda, una nueva actividad del Mercat y Toni Jodar"},"content":{"rendered":"<p>El Mercat y Toni Jodar colaboran con el Festival Claca de Llan\u00e7\u00e0 ofreciendo la actividad <i>Una hist\u00f2ria moguda (Una historia movida).<\/i> Se trata de un taller pr\u00e1ctico de danza intergeneracional sobre la evoluci\u00f3n de la danza contempor\u00e1nea, sobre su historia y sus estilos, y que responde a la voluntad del Festival de formaci\u00f3n del p\u00fablico. Festival Claca nace \u00a0con el objetivo de acercar las creaciones contempor\u00e1neas al p\u00fablico del Empord\u00e0 con propuestas de teatro, circo, danza y m\u00fasica para todos los p\u00fablicos; cierra esta segunda edici\u00f3n la compa\u00f1\u00eda Mal Pelo con el espect\u00e1culo <i>Can\u00e7\u00f3 d\u2019estiu (Canci\u00f3n de verano)<\/i> el domingo 14 de julio.<\/p>\n<p><a href=\"http:\/\/www.festivalclaca.cat\" target=\"_blank\"><span style=\"color: #0000ff;\"><strong>M\u00e1s info<\/strong><\/span><\/a><\/p>\n<p>&nbsp;<\/p>\n","protected":false},"excerpt":{"rendered":"<p>El Mercat y Toni Jodar colaboran con el Festival Claca [&hellip;]<\/p>\n","protected":false},"author":1,"featured_media":0,"comment_status":"open","ping_status":"open","sticky":false,"template":"","format":"standard","meta":[],"categories":[16],"tags":[],"_links":{"self":[{"href":"https:\/\/old.mercatflors.cat\/es\/wp-json\/wp\/v2\/posts\/7357\/"}],"collection":[{"href":"https:\/\/old.mercatflors.cat\/es\/wp-json\/wp\/v2\/posts\/"}],"about":[{"href":"https:\/\/old.mercatflors.cat\/es\/wp-json\/wp\/v2\/types\/post\/"}],"author":[{"embeddable":true,"href":"https:\/\/old.mercatflors.cat\/es\/wp-json\/wp\/v2\/users\/1\/"}],"replies":[{"embeddable":true,"href":"https:\/\/old.mercatflors.cat\/es\/wp-json\/wp\/v2\/comments\/?post=7357"}],"version-history":[{"count":0,"href":"https:\/\/old.mercatflors.cat\/es\/wp-json\/wp\/v2\/posts\/7357\/revisions\/"}],"wp:attachment":[{"href":"https:\/\/old.mercatflors.cat\/es\/wp-json\/wp\/v2\/media\/?parent=7357"}],"wp:term":[{"taxonomy":"category","embeddable":true,"href":"https:\/\/old.mercatflors.cat\/es\/wp-json\/wp\/v2\/categories\/?post=7357"},{"taxonomy":"post_tag","embeddable":true,"href":"https:\/\/old.mercatflors.cat\/es\/wp-json\/wp\/v2\/tags\/?post=7357"}],"curies":[{"name":"wp","href":"https:\/\/api.w.org\/{rel}","templated":true}]}}