{"id":8466,"date":"2013-07-31T18:15:07","date_gmt":"2013-07-31T17:15:07","guid":{"rendered":"https:\/\/old.mercatflors.cat\/?p=8466"},"modified":"2013-11-20T18:19:35","modified_gmt":"2013-11-20T17:19:35","slug":"convocatoria-residencias-2014-del-graner-fabrica-de-creacion","status":"publish","type":"post","link":"https:\/\/old.mercatflors.cat\/es\/actualidad\/convocatoria-residencias-2014-del-graner-fabrica-de-creacion\/","title":{"rendered":"Convocatoria residencias 2014 del GRANER F\u00e1brica de creaci\u00f3n"},"content":{"rendered":"<p>Del 1 de Agosto hasta el 30 de Setiembre, el Graner F\u00e1brica de creaci\u00f3n abre un per\u00edodo de recepci\u00f3n de proyectos de investigaci\u00f3n y creaci\u00f3n de profundizaci\u00f3n del lenguaje del cuerpo y el movimiento para realizar residencias art\u00edsticas durante el a\u00f1o 2014<\/p>\n<p><span style=\"text-decoration: underline; color: #0000ff;\"><a href=\"http:\/\/granerbcn.cat\/wp-content\/uploads\/CONVO2014_CATCASTENG.pdf\" target=\"_blank\"><span style=\"color: #0000ff;\">Toda la informaci\u00f3n de la convocatoria 2014 CALL FOR ENTRIES Catal\u00e0 \/ Castellano \/ English<\/span><\/a><\/span><\/p>\n","protected":false},"excerpt":{"rendered":"<p>Del 1 de Agosto hasta el 30 de Setiembre, el [&hellip;]<\/p>\n","protected":false},"author":1,"featured_media":0,"comment_status":"open","ping_status":"open","sticky":false,"template":"","format":"standard","meta":[],"categories":[16],"tags":[],"_links":{"self":[{"href":"https:\/\/old.mercatflors.cat\/es\/wp-json\/wp\/v2\/posts\/8466\/"}],"collection":[{"href":"https:\/\/old.mercatflors.cat\/es\/wp-json\/wp\/v2\/posts\/"}],"about":[{"href":"https:\/\/old.mercatflors.cat\/es\/wp-json\/wp\/v2\/types\/post\/"}],"author":[{"embeddable":true,"href":"https:\/\/old.mercatflors.cat\/es\/wp-json\/wp\/v2\/users\/1\/"}],"replies":[{"embeddable":true,"href":"https:\/\/old.mercatflors.cat\/es\/wp-json\/wp\/v2\/comments\/?post=8466"}],"version-history":[{"count":0,"href":"https:\/\/old.mercatflors.cat\/es\/wp-json\/wp\/v2\/posts\/8466\/revisions\/"}],"wp:attachment":[{"href":"https:\/\/old.mercatflors.cat\/es\/wp-json\/wp\/v2\/media\/?parent=8466"}],"wp:term":[{"taxonomy":"category","embeddable":true,"href":"https:\/\/old.mercatflors.cat\/es\/wp-json\/wp\/v2\/categories\/?post=8466"},{"taxonomy":"post_tag","embeddable":true,"href":"https:\/\/old.mercatflors.cat\/es\/wp-json\/wp\/v2\/tags\/?post=8466"}],"curies":[{"name":"wp","href":"https:\/\/api.w.org\/{rel}","templated":true}]}}