{"id":8582,"date":"2013-09-02T13:04:50","date_gmt":"2013-09-02T12:04:50","guid":{"rendered":"https:\/\/old.mercatflors.cat\/?p=8582"},"modified":"2013-11-11T13:12:34","modified_gmt":"2013-11-11T12:12:34","slug":"convocatoria-abierta-para-participar-en-el-27-certamen-coreografico-de-madrid","status":"publish","type":"post","link":"https:\/\/old.mercatflors.cat\/es\/actualidad\/convocatoria-abierta-para-participar-en-el-27-certamen-coreografico-de-madrid\/","title":{"rendered":"Convocatoria abierta para participar en el 27 Certamen Coreogr\u00e1fico de Madrid"},"content":{"rendered":"<p>La 27 edici\u00f3n del Certamen, organizado por Paso a 2, est\u00e1 abierto a nuevas obras de danza contempor\u00e1nea y pueden participar core\u00f3grafos espa\u00f1oles y core\u00f3grafos internacionales residentes en Espa\u00f1a. El Certamen tendr\u00e1 lugar del 11 al 14 de diciembre de 2013 en el Teatro Conde Duque de Madrid. El Mercat de les Flors programar\u00e1 la obra seleccionada dentro del a\u00f1o siguiente en el contexto m\u00e1s adecuado en funci\u00f3n del ganador.<\/p>\n<p>Los interesados en participar pueden presentar sus propuestas hasta el 16 de septiembre.<\/p>\n<p>Bases de inscripci\u00f3n <a href=\"http:\/\/www.pasoa2.com\/PBCPPlayer.asp?ID=706453\" target=\"_blank\"><span style=\"color: #0000ff;\"><strong>AQU\u00cd<\/strong> <\/span><\/a><\/p>\n<p>&nbsp;<\/p>\n","protected":false},"excerpt":{"rendered":"<p>La 27 edici\u00f3n del Certamen, organizado por Paso a 2, [&hellip;]<\/p>\n","protected":false},"author":1,"featured_media":0,"comment_status":"open","ping_status":"open","sticky":false,"template":"","format":"standard","meta":[],"categories":[16],"tags":[],"_links":{"self":[{"href":"https:\/\/old.mercatflors.cat\/es\/wp-json\/wp\/v2\/posts\/8582\/"}],"collection":[{"href":"https:\/\/old.mercatflors.cat\/es\/wp-json\/wp\/v2\/posts\/"}],"about":[{"href":"https:\/\/old.mercatflors.cat\/es\/wp-json\/wp\/v2\/types\/post\/"}],"author":[{"embeddable":true,"href":"https:\/\/old.mercatflors.cat\/es\/wp-json\/wp\/v2\/users\/1\/"}],"replies":[{"embeddable":true,"href":"https:\/\/old.mercatflors.cat\/es\/wp-json\/wp\/v2\/comments\/?post=8582"}],"version-history":[{"count":0,"href":"https:\/\/old.mercatflors.cat\/es\/wp-json\/wp\/v2\/posts\/8582\/revisions\/"}],"wp:attachment":[{"href":"https:\/\/old.mercatflors.cat\/es\/wp-json\/wp\/v2\/media\/?parent=8582"}],"wp:term":[{"taxonomy":"category","embeddable":true,"href":"https:\/\/old.mercatflors.cat\/es\/wp-json\/wp\/v2\/categories\/?post=8582"},{"taxonomy":"post_tag","embeddable":true,"href":"https:\/\/old.mercatflors.cat\/es\/wp-json\/wp\/v2\/tags\/?post=8582"}],"curies":[{"name":"wp","href":"https:\/\/api.w.org\/{rel}","templated":true}]}}