{"id":8762,"date":"2013-09-13T13:29:41","date_gmt":"2013-09-13T12:29:41","guid":{"rendered":"https:\/\/old.mercatflors.cat\/?p=8762"},"modified":"2013-11-11T13:14:13","modified_gmt":"2013-11-11T12:14:13","slug":"curso-de-produccion-y-gestion-de-artes-escenicas-organizado-por-la-aadpc-y-eteri","status":"publish","type":"post","link":"https:\/\/old.mercatflors.cat\/es\/actualidad\/curso-de-produccion-y-gestion-de-artes-escenicas-organizado-por-la-aadpc-y-eteri\/","title":{"rendered":"Curso de Producci\u00f3n y Gesti\u00f3n de Artes Esc\u00e9nicas organizado por la AADPC y Eteri"},"content":{"rendered":"<p>El pr\u00f3ximo mi\u00e9rcoles 18 tendr\u00e1 lugar la presentaci\u00f3n del primer Curso de Producci\u00f3n y Gesti\u00f3n de Artes Esc\u00e9nicas dirigido a todos aquellos interesados en gestionar sus proyectos art\u00edsticos de forma profesional. A lo largo del curso se abarcar\u00e1n todos los aspectos a tener en cuenta para desarrollar una producci\u00f3n: elaboraci\u00f3n del material de presentaci\u00f3n y venta, producci\u00f3n, capacidades directivas, comunicaci\u00f3n, temas jur\u00eddicos y laborales, mecenazgo e internacionalizaci\u00f3n. Todoo ello desde una vertiente muy pr\u00e1ctica. El objetivo final del curso es que cada alumno adquiera los conocimientos y las habilidades b\u00e1sicas e imprescindibles para llevar a cabo iniciativas propias. El curso cuenta con un profesorado especializado y de reconocida trayectoria profesional y est\u00e1 organizado por la AADPC \u2013 Associaci\u00f3 d\u2019Actors i Directors Professionals de Catalunya- y Eteri.<\/p>\n<p>La presentaci\u00f3n del curso ser\u00e1 el mi\u00e9coles 18 a las 17 horas en el Institut del Teatre.<\/p>\n<p>M\u00e1s informaci\u00f3n <span style=\"color: #0000ff;\"><strong><a href=\"http:\/\/http:\/\/aadpcformacio.com\/\" target=\"_blank\"><span style=\"color: #0000ff;\">AQU\u00cd<\/span><\/a><\/strong><\/span><\/p>\n<p>&nbsp;<\/p>\n","protected":false},"excerpt":{"rendered":"<p>El pr\u00f3ximo mi\u00e9rcoles 18 tendr\u00e1 lugar la presentaci\u00f3n del primer [&hellip;]<\/p>\n","protected":false},"author":1,"featured_media":0,"comment_status":"open","ping_status":"open","sticky":false,"template":"","format":"standard","meta":[],"categories":[16],"tags":[],"_links":{"self":[{"href":"https:\/\/old.mercatflors.cat\/es\/wp-json\/wp\/v2\/posts\/8762\/"}],"collection":[{"href":"https:\/\/old.mercatflors.cat\/es\/wp-json\/wp\/v2\/posts\/"}],"about":[{"href":"https:\/\/old.mercatflors.cat\/es\/wp-json\/wp\/v2\/types\/post\/"}],"author":[{"embeddable":true,"href":"https:\/\/old.mercatflors.cat\/es\/wp-json\/wp\/v2\/users\/1\/"}],"replies":[{"embeddable":true,"href":"https:\/\/old.mercatflors.cat\/es\/wp-json\/wp\/v2\/comments\/?post=8762"}],"version-history":[{"count":0,"href":"https:\/\/old.mercatflors.cat\/es\/wp-json\/wp\/v2\/posts\/8762\/revisions\/"}],"wp:attachment":[{"href":"https:\/\/old.mercatflors.cat\/es\/wp-json\/wp\/v2\/media\/?parent=8762"}],"wp:term":[{"taxonomy":"category","embeddable":true,"href":"https:\/\/old.mercatflors.cat\/es\/wp-json\/wp\/v2\/categories\/?post=8762"},{"taxonomy":"post_tag","embeddable":true,"href":"https:\/\/old.mercatflors.cat\/es\/wp-json\/wp\/v2\/tags\/?post=8762"}],"curies":[{"name":"wp","href":"https:\/\/api.w.org\/{rel}","templated":true}]}}