{"id":8942,"date":"2013-09-25T16:53:51","date_gmt":"2013-09-25T15:53:51","guid":{"rendered":"https:\/\/old.mercatflors.cat\/?p=8942"},"modified":"2013-11-11T13:10:57","modified_gmt":"2013-11-11T12:10:57","slug":"una-seleccion-de-los-artistas-seleccionados-por-el-proyecto-modul-dance-presentan-pieza-en-octubre","status":"publish","type":"post","link":"https:\/\/old.mercatflors.cat\/es\/actualidad\/una-seleccion-de-los-artistas-seleccionados-por-el-proyecto-modul-dance-presentan-pieza-en-octubre\/","title":{"rendered":"Una selecci\u00f3n de los artistas seleccionados por el proyecto MODUL-DANCE presentan pieza en Octubre"},"content":{"rendered":"<p><img decoding=\"async\" loading=\"lazy\" class=\"alignleft size-full wp-image-8936\" alt=\"modul-dance\" src=\"https:\/\/old.mercatflors.cat\/wp-content\/uploads\/2013\/09\/MD_Banner-350x200-Mercat-Flors.jpg\" width=\"350\" height=\"200\" srcset=\"https:\/\/old.mercatflors.cat\/wp-content\/uploads\/2013\/09\/MD_Banner-350x200-Mercat-Flors.jpg 350w, https:\/\/old.mercatflors.cat\/wp-content\/uploads\/2013\/09\/MD_Banner-350x200-Mercat-Flors-223x127.jpg 223w\" sizes=\"(max-width: 350px) 100vw, 350px\" \/><\/p>\n<p>Desde el a\u00f1o 2010, el Mercat de les Flors lidera <strong>modul-dance<\/strong>, un proyecto europeo que, hasta el 2014 y con la participaci\u00f3n de un total de 20 casas de danza europeas, trabaja para apoyar el desarrollo, la movilidad y el intercambio de una comunidad de artistas de danza seleccionados.<\/p>\n<p>El pr\u00f3ximo mes de Octubre podremos ver el resultado del trabajo de una nutrida representaci\u00f3n de estos artistas, muchos de ellos, residentes en el Graner.<\/p>\n<p>loscorderos estrenar\u00e1n ULTRAinnoc\u00e8ncia el pr\u00f3ximo 4 de Octubre en el festival TNT de Terrassa, donde tambi\u00e9n se podr\u00e1 ver <em>The Inquisitive Middle<\/em>. Esta pieza, de Lucy Suggate y S\u00f2nia G\u00f3mez, se ha creado en el marco del programa Carte Blanche de modul-dance, en el que tambi\u00e9n han participado Guy Nader con Mikael Marso y Sebasti\u00e1n Garc\u00eda-Ferro. Estas creaciones tambi\u00e9n forman parte del programa del S\u00c2LMON&lt;, que este a\u00f1o presenta su segunda edici\u00f3n. Entre los artistas modul-dance que se podr\u00e1n ver dentro de este festival del Mercat dedicado a los talentos europeos encontramos Eug\u00e9nie Rebetez, The Loose Collective, Jurij Konjar, Alessandro Sciarroni y Patricia Apergi, core\u00f3grafa de la compa\u00f1\u00eda griega Aerites Dance Company.<\/p>\n<p>La selecci\u00f3n de artistas del proyecto <strong>modul-dance<\/strong> crea un mapa que refleja la diversidad est\u00e9tica y excelencia art\u00edstica del panorama de la danza contempor\u00e1nea actual en Europa.<\/p>\n<p>M\u00e1s informaci\u00f3n <a href=\"http:\/\/www.modul-dance.eu\" target=\"_blank\">www.modul-dance.eu<\/a><\/p>\n","protected":false},"excerpt":{"rendered":"<p>Desde el a\u00f1o 2010, el Mercat de les Flors lidera [&hellip;]<\/p>\n","protected":false},"author":1,"featured_media":0,"comment_status":"open","ping_status":"open","sticky":false,"template":"","format":"standard","meta":[],"categories":[16],"tags":[],"_links":{"self":[{"href":"https:\/\/old.mercatflors.cat\/es\/wp-json\/wp\/v2\/posts\/8942\/"}],"collection":[{"href":"https:\/\/old.mercatflors.cat\/es\/wp-json\/wp\/v2\/posts\/"}],"about":[{"href":"https:\/\/old.mercatflors.cat\/es\/wp-json\/wp\/v2\/types\/post\/"}],"author":[{"embeddable":true,"href":"https:\/\/old.mercatflors.cat\/es\/wp-json\/wp\/v2\/users\/1\/"}],"replies":[{"embeddable":true,"href":"https:\/\/old.mercatflors.cat\/es\/wp-json\/wp\/v2\/comments\/?post=8942"}],"version-history":[{"count":0,"href":"https:\/\/old.mercatflors.cat\/es\/wp-json\/wp\/v2\/posts\/8942\/revisions\/"}],"wp:attachment":[{"href":"https:\/\/old.mercatflors.cat\/es\/wp-json\/wp\/v2\/media\/?parent=8942"}],"wp:term":[{"taxonomy":"category","embeddable":true,"href":"https:\/\/old.mercatflors.cat\/es\/wp-json\/wp\/v2\/categories\/?post=8942"},{"taxonomy":"post_tag","embeddable":true,"href":"https:\/\/old.mercatflors.cat\/es\/wp-json\/wp\/v2\/tags\/?post=8942"}],"curies":[{"name":"wp","href":"https:\/\/api.w.org\/{rel}","templated":true}]}}