{"id":8979,"date":"2013-09-27T10:48:53","date_gmt":"2013-09-27T09:48:53","guid":{"rendered":"https:\/\/old.mercatflors.cat\/?p=8979"},"modified":"2013-11-20T18:18:58","modified_gmt":"2013-11-20T17:18:58","slug":"concurso-para-elegir-el-coreografo-del-proyecto-educativo-y-artistico-tot-dansa-jornada-joven-de-creacion-artistica-2014","status":"publish","type":"post","link":"https:\/\/old.mercatflors.cat\/es\/actualidad\/concurso-para-elegir-el-coreografo-del-proyecto-educativo-y-artistico-tot-dansa-jornada-joven-de-creacion-artistica-2014\/","title":{"rendered":"Concurso para elegir el core\u00f3grafo del proyecto educativo y art\u00edstico TOT DANSA-Jornada Joven de Creaci\u00f3n Art\u00edstica 2014"},"content":{"rendered":"<p><strong>Este a\u00f1o el proyecto cuenta con la participaci\u00f3n extraordinaria de la OBC<\/strong><\/p>\n<p>TOT DANSA es un proyecto intr\u00ednsecamente educativo y de pr\u00e1ctica art\u00edstica dirigido a alumnos de secundaria y bachillerato de Barcelona, que tiene como finalidad introducir, promover y dar a conocer el lenguaje del movimiento y la danza contempor\u00e1nea al p\u00fablico joven. Hoy cuenta con la plena implicaci\u00f3n y el compromiso de las tres instituciones promotoras -Mercat de les Flors, IMEB e Institut del Teatre-, que procuran tambi\u00e9n la suma de otras instituciones como es el caso de la OBC para la edici\u00f3n de este a\u00f1o.<\/p>\n<p>Se seleccionar\u00e1 un core\u00f3grafo para que durante el per\u00edodo de Enero a Junio de 2014 se haga cargo de la formaci\u00f3n del profesorado de los centros de ense\u00f1anza secundaria, del proceso de creaci\u00f3n y de la direcci\u00f3n de la muestra del resultado final en el escenario del Mercat de les Flors con la participaci\u00f3n extraordinaria de la OBC, el 5 de Junio de 2014.<\/p>\n<p><a onclick=\"_gaq.push(['_trackEvent', 'descarga', 'pdf', '\/wp-content\/uploads\/2013\/09\/Bases-Concurs-Core\u00f2graf-Projecte-Instituts-TOT-DANSA-2014.pdf', \u20181\u2019]);\" href=\"\/wp-content\/uploads\/2013\/09\/Bases-Concurs-Core\u00f2graf-Projecte-Instituts-TOT-DANSA-2014.pdf\" target=\"_blank\"><span style=\"color: #0000ff; text-decoration: underline;\">DESCARGAROS LAS BASES AQU\u00cd<\/span><\/a><\/p>\n","protected":false},"excerpt":{"rendered":"<p>Este a\u00f1o el proyecto cuenta con la participaci\u00f3n extraordinaria de [&hellip;]<\/p>\n","protected":false},"author":1,"featured_media":0,"comment_status":"open","ping_status":"open","sticky":false,"template":"","format":"standard","meta":[],"categories":[16],"tags":[],"_links":{"self":[{"href":"https:\/\/old.mercatflors.cat\/es\/wp-json\/wp\/v2\/posts\/8979\/"}],"collection":[{"href":"https:\/\/old.mercatflors.cat\/es\/wp-json\/wp\/v2\/posts\/"}],"about":[{"href":"https:\/\/old.mercatflors.cat\/es\/wp-json\/wp\/v2\/types\/post\/"}],"author":[{"embeddable":true,"href":"https:\/\/old.mercatflors.cat\/es\/wp-json\/wp\/v2\/users\/1\/"}],"replies":[{"embeddable":true,"href":"https:\/\/old.mercatflors.cat\/es\/wp-json\/wp\/v2\/comments\/?post=8979"}],"version-history":[{"count":0,"href":"https:\/\/old.mercatflors.cat\/es\/wp-json\/wp\/v2\/posts\/8979\/revisions\/"}],"wp:attachment":[{"href":"https:\/\/old.mercatflors.cat\/es\/wp-json\/wp\/v2\/media\/?parent=8979"}],"wp:term":[{"taxonomy":"category","embeddable":true,"href":"https:\/\/old.mercatflors.cat\/es\/wp-json\/wp\/v2\/categories\/?post=8979"},{"taxonomy":"post_tag","embeddable":true,"href":"https:\/\/old.mercatflors.cat\/es\/wp-json\/wp\/v2\/tags\/?post=8979"}],"curies":[{"name":"wp","href":"https:\/\/api.w.org\/{rel}","templated":true}]}}