{"id":9312,"date":"2013-11-18T17:22:52","date_gmt":"2013-11-18T16:22:52","guid":{"rendered":"https:\/\/old.mercatflors.cat\/?p=9312"},"modified":"2014-01-14T11:37:43","modified_gmt":"2014-01-14T10:37:43","slug":"toni-mira-gana-el-concurso-de-direccion-del-proyecto-educativo-tot-dansa-2014","status":"publish","type":"post","link":"https:\/\/old.mercatflors.cat\/es\/actualidad\/toni-mira-gana-el-concurso-de-direccion-del-proyecto-educativo-tot-dansa-2014\/","title":{"rendered":"Toni Mira gana el concurso de direcci\u00f3n del proyecto educativo TOT DANSA 2014"},"content":{"rendered":"<p><span style=\"text-decoration: underline;\"><strong>El core\u00f3grafo catal\u00e1n ser\u00e1 este curso el director art\u00edstico del proyecto educativo TOT DANSA 2014 dirigido al alumnado de ESO y bachillerato de Barcelona<\/strong><\/span><\/p>\n<p><strong>Esta iniciativa del Ajuntament de Barcelona se impulsa conjuntamente desde el Institut Municipal d\u2019Educaci\u00f3 de Barcelona, el Mercat de les Flors y el Institut del Teatre y, este a\u00f1o, se contar\u00e1 tambi\u00e9n con la participaci\u00f3n de la Orquestra Simf\u00f2nica de Barcelona i Nacional de Catalunya (OBC)<\/strong><\/p>\n<p>El core\u00f3grafo catal\u00e1n Toni Mira (Barcelona 1957), Premio Nacional de Danza de Catalunya 2010 por el Consell Nacional de la Cultura i les Arts, asumir\u00e1 este curso la direcci\u00f3n art\u00edstica de la iniciativa municipal TOT DANSA 2014. Toni Mira, graduado en danza contempor\u00e1nea en el Institut del Teatre y referente en creaci\u00f3n contempor\u00e1nea de Catalunya, ser\u00e1 el responsable de los bloques de trabajo del proyecto, de la formaci\u00f3n del profesorado de los centros de ense\u00f1anza participantes, de la creaci\u00f3n art\u00edstica conjunta con los alumnos participantes y de la direcci\u00f3n de la presentaci\u00f3n final del proyecto que tendr\u00e1 lugar el 5 de junio de 2014 en el Mercat de les Flors, con la participaci\u00f3n en directo de la Orquestra Simf\u00f2nica de Barcelona i Nacional de Catalunya.<\/p>\n<p>El proyecto educativo TOT DANSA, impulsado conjuntamente entre el Institut Municipal d\u2019Educaci\u00f3 de Barcelona, el Mercat de les Flors y el Institut del Teatre y que, este a\u00f1o, contar\u00e1 con la participaci\u00f3n de la Orquestra Simf\u00f2nica de Barcelona i Nacional de Catalunya, se dirige a alumnos de centros educativos de secundaria y bachillerato de Barcelona. El objetivo de esta iniciativa municipal es promover el lenguaje art\u00edstico y la danza entre el alumnado de ESO y bachillerat, ser una herramienta educativa para el profesorado aprovechando los recursos que puede ofrecer la danza dentro de los centros educativos y tambi\u00e9n ofrecer la posibilidad de promover la interpretaci\u00f3n y la proyecci\u00f3n art\u00edstica de los participantes.<\/p>\n<p>El regidor de Educaci\u00f3n y Universidades, <strong>Gerard Ardanuy,<\/strong> ha destacado <strong>\u201cel gran trabajo desarrollado conjuntamente en el proyecto educativo TOT DANSA a trav\u00e9s del Institut Municipal d\u2019Educaci\u00f3 de Barcelona, el Mercat de les Flors y el Institut del Teatre\u201d<\/strong>. Adem\u00e1s, Ardanuy ha indicado tambi\u00e9n que <strong>\u201ces un proyecto de compromiso social y educativo, con la mirada puesta en el proceso de creaci\u00f3n y en los valores del esfuerzo, la disciplina, la participaci\u00f3n y la cooperaci\u00f3n que los lenguajes art\u00edsticos pueden promover dentro de los centros educativos\u201d. <\/strong><\/p>\n<p>La Orquestra Simf\u00f2nica de Barcelona i Nacional de Catalunya, que participar\u00e1 por primera vez en esta iniciativa municipal que se desarrolla desde hace ocho a\u00f1os, interpretar\u00e1 a trav\u00e9s de sus m\u00fasicos las diferentes piezas musicales que danzar\u00e1n los chicos y chicas de los diferentes centros educativos participantes.<\/p>\n<p><strong>El core\u00f3grafo, Toni Mira<\/strong><br \/>\nReferente de la creaci\u00f3n contempor\u00e1nea actual de nuestro pa\u00eds, Toni Mira se presenta como un creador y core\u00f3grafo comprometido. Nacido en Barcelona en 1957, estudi\u00f3 hasta quinto curso de Arquitectura en la Escuela T\u00e9cnica Superior de Arquitectura de Barcelona y se gradu\u00f3 en danza contempor\u00e1nea en la Escuela Superior de Danza y Coreograf\u00eda del Institut del Teatre de Barcelona. Desde 1979 ha trabajado como bailar\u00edn, actor y core\u00f3grafo en diferentes compa\u00f1\u00edas de teatro y danza; en 1987 fund\u00f3 la compa\u00f1\u00eda de danza teatro Nats Nus, de la que es director, bailar\u00edn y core\u00f3grafo y que tiene una larga trayectoria, con un total de doce espect\u00e1culos de gran formato y dos de v\u00eddeo danza. Durante estos a\u00f1os ha ido diversificando su trayectoria, no s\u00f3lo como bailar\u00edn y core\u00f3grafo de su compa\u00f1\u00eda sino con colaboraciones en importantes producciones teatrales, musicales y de televisi\u00f3n.<\/p>\n<p>Con la compa\u00f1\u00eda Nats Nus ha desarrollado un trabajo muy destacado para la difusi\u00f3n de la danza y la creaci\u00f3n de nuevos p\u00fablicos, as\u00ed como para proyectos educativos y de tipo social como los que ha realizado en las escuelas p\u00fablicas de Sant Cugat, o con los reclusos y reclusas de las prisiones de Wad Ras y Can Brians. Precisamente para estos \u00faltimos trabajos fue galardonado en 2009 con el Premio Ciutat de Barcelona en la categor\u00eda de danza. En 2010 recibi\u00f3 del Consell Nacional de la Cultura i les Arts (CoNCA) el Premio Nacional de Danza de Catalunya.<\/p>\n","protected":false},"excerpt":{"rendered":"<p>El core\u00f3grafo catal\u00e1n ser\u00e1 este curso el director art\u00edstico del [&hellip;]<\/p>\n","protected":false},"author":1,"featured_media":0,"comment_status":"open","ping_status":"open","sticky":false,"template":"","format":"standard","meta":[],"categories":[16],"tags":[],"_links":{"self":[{"href":"https:\/\/old.mercatflors.cat\/es\/wp-json\/wp\/v2\/posts\/9312\/"}],"collection":[{"href":"https:\/\/old.mercatflors.cat\/es\/wp-json\/wp\/v2\/posts\/"}],"about":[{"href":"https:\/\/old.mercatflors.cat\/es\/wp-json\/wp\/v2\/types\/post\/"}],"author":[{"embeddable":true,"href":"https:\/\/old.mercatflors.cat\/es\/wp-json\/wp\/v2\/users\/1\/"}],"replies":[{"embeddable":true,"href":"https:\/\/old.mercatflors.cat\/es\/wp-json\/wp\/v2\/comments\/?post=9312"}],"version-history":[{"count":0,"href":"https:\/\/old.mercatflors.cat\/es\/wp-json\/wp\/v2\/posts\/9312\/revisions\/"}],"wp:attachment":[{"href":"https:\/\/old.mercatflors.cat\/es\/wp-json\/wp\/v2\/media\/?parent=9312"}],"wp:term":[{"taxonomy":"category","embeddable":true,"href":"https:\/\/old.mercatflors.cat\/es\/wp-json\/wp\/v2\/categories\/?post=9312"},{"taxonomy":"post_tag","embeddable":true,"href":"https:\/\/old.mercatflors.cat\/es\/wp-json\/wp\/v2\/tags\/?post=9312"}],"curies":[{"name":"wp","href":"https:\/\/api.w.org\/{rel}","templated":true}]}}