{"id":9319,"date":"2013-11-20T11:34:05","date_gmt":"2013-11-20T10:34:05","guid":{"rendered":"https:\/\/old.mercatflors.cat\/?p=9319"},"modified":"2014-01-14T11:38:46","modified_gmt":"2014-01-14T10:38:46","slug":"resolucion-convocatoria-residencies-graner-2014","status":"publish","type":"post","link":"https:\/\/old.mercatflors.cat\/es\/actualidad\/resolucion-convocatoria-residencies-graner-2014\/","title":{"rendered":"Resoluci\u00f3n convocatoria residencies Graner 2014"},"content":{"rendered":"<p>El pasado mes de agosto el Graner f\u00e1brica de creaci\u00f3n abri\u00f3 una nueva convocatoria para acceder a las residencias. Las compa\u00f1\u00edas seleccionadas para realizarlas durante el a\u00f1o 2014 son las siguientes:<\/p>\n<p>Cia. Mariant\u00f2nia Oliver<br \/>\nCol\u00b7lectiu La Casquer\u00eda<br \/>\nGuy Nader y Maria Campos<br \/>\nManuel Rodr\u00edguez<br \/>\nMar\u00eda Garcia Vera<br \/>\nMuriel Romero y Pablo Palacio<br \/>\nPablo Esbert<br \/>\nQuim Bigas<br \/>\nRut Balb\u00eds y Paula Pintos<br \/>\nS\u00f2nia G\u00f3mez Vicente<br \/>\nUmma Umma Dance<\/p>\n<p>La comisi\u00f3n de valoraci\u00f3n de las candidaturas ha estado formada por Guillermo Weickert (bailar\u00edn y core\u00f3grafo), Paula Giuria (FIDCU &#8211; Uruguay), C\u00e8sar Compte (APdC), Carles Mallol (ACPDC) y Cristina Alonso (Graner f\u00e1brica de creaci\u00f3n).<\/p>\n<p>Las condiciones concretas de cada residencia no son las solicitadas en las candidaturas. Dichas condiciones est\u00e1n pendientes de concretar. El equipo del Graner se pondr\u00e1 en contacto con los seleccionados antes del 15 de diciembre para fijar el calendario y la vinculaci\u00f3n espec\u00edfica que tendr\u00e1 el Graner en los diversos proyectos.<\/p>\n","protected":false},"excerpt":{"rendered":"<p>El pasado mes de agosto el Graner f\u00e1brica de creaci\u00f3n [&hellip;]<\/p>\n","protected":false},"author":1,"featured_media":0,"comment_status":"open","ping_status":"open","sticky":false,"template":"","format":"standard","meta":[],"categories":[16],"tags":[],"_links":{"self":[{"href":"https:\/\/old.mercatflors.cat\/es\/wp-json\/wp\/v2\/posts\/9319\/"}],"collection":[{"href":"https:\/\/old.mercatflors.cat\/es\/wp-json\/wp\/v2\/posts\/"}],"about":[{"href":"https:\/\/old.mercatflors.cat\/es\/wp-json\/wp\/v2\/types\/post\/"}],"author":[{"embeddable":true,"href":"https:\/\/old.mercatflors.cat\/es\/wp-json\/wp\/v2\/users\/1\/"}],"replies":[{"embeddable":true,"href":"https:\/\/old.mercatflors.cat\/es\/wp-json\/wp\/v2\/comments\/?post=9319"}],"version-history":[{"count":0,"href":"https:\/\/old.mercatflors.cat\/es\/wp-json\/wp\/v2\/posts\/9319\/revisions\/"}],"wp:attachment":[{"href":"https:\/\/old.mercatflors.cat\/es\/wp-json\/wp\/v2\/media\/?parent=9319"}],"wp:term":[{"taxonomy":"category","embeddable":true,"href":"https:\/\/old.mercatflors.cat\/es\/wp-json\/wp\/v2\/categories\/?post=9319"},{"taxonomy":"post_tag","embeddable":true,"href":"https:\/\/old.mercatflors.cat\/es\/wp-json\/wp\/v2\/tags\/?post=9319"}],"curies":[{"name":"wp","href":"https:\/\/api.w.org\/{rel}","templated":true}]}}