{"id":9368,"date":"2013-11-21T17:27:20","date_gmt":"2013-11-21T16:27:20","guid":{"rendered":"https:\/\/old.mercatflors.cat\/?p=9368"},"modified":"2013-11-26T09:58:18","modified_gmt":"2013-11-26T08:58:18","slug":"segunda-edicion-ff80","status":"publish","type":"post","link":"https:\/\/old.mercatflors.cat\/es\/actualidad\/segunda-edicion-ff80\/","title":{"rendered":"Segunda edici\u00f3n #ff80"},"content":{"rendered":"<p>Por segundo a\u00f1o consecutivo, el <strong>Graner-Mercat de les Flors y el Festival Temporada Alta<\/strong> siguen y ampl\u00edan su colaboraci\u00f3n con el proyecto #FF80.<\/p>\n<p>El proyecto #FF80 se estructura alrededor de la creaci\u00f3n contempor\u00e1nea y de la movilidad art\u00edstica y por este motivo incluye diferentes acciones para poder debatir, reflexionar y encontrar puntos de conexi\u00f3n y rutas de trabajo futuras que favorezcan los recorridos creativos.<\/p>\n<p>El encuentro a puerta cerrada de 48h con los creadores implicados en el proyecto es el punto de partida para hablar de c\u00f3mo construir, conjuntamente, lazos de producci\u00f3n que permitan procesos de creaci\u00f3n futuros. Este a\u00f1o, y debido al trabajo continuado de diferentes plataformas y agentes culturales independientes, el foco de trabajo geogr\u00e1fico es Latinoam\u00e9rica, en efervescencia cultural y con diferentes agentes culturales dispuestos a establecer puentes de trabajo conjuntos. Se hablar\u00e1 de c\u00f3mo contactar con Latinoam\u00e9rica y c\u00f3mo se pueden generar nuevos formatos de circulaci\u00f3n de pensamiento, de procesos y metodolog\u00edas desde la danza y las nuevas dramaturgias.<\/p>\n<p>#FF80 invita a un grupo de programadores internacionales que est\u00e1n interesados en realizar un seguimiento y acompa\u00f1amiento a medio plazo de algunos de los proyectos futuros de los creadores implicados (con la colaboraci\u00f3n del Institut Ramon Llull). En esta segunda edici\u00f3n los programadores, agentes culturales y te\u00f3ricos invitados vienen en representaci\u00f3n de festivales o estructuras de M\u00e9xico, Chile y Uruguay.<\/p>\n<p>Finalmente, y dentro la programaci\u00f3n de la semana de creaci\u00f3n contempor\u00e1nea, se presentan en el Festival Temporada Alta 5 propuestas de creadores implicados en el proyecto #FF80 del 21 al 24 de noviembre: <strong>Marcos Morau + Lali Ayguad\u00e9 \/ El Conde de Torrefiel \/ Guido Sarli \/ Roser L\u00f3pez Espinosa y Pere Faura<\/strong> (work in progress de una nueva propuesta que cuenta con el apoyo de la Fundaci\u00f3 Catalunya-La Pedrera).<\/p>\n<p>Mediante estas acciones se pretende poder debatir y reflexionar sobre el momento actual de la creaci\u00f3n contempor\u00e1nea esc\u00e9nica y m\u00e1s concretamente en el sector de la danza y encontrar nuevas rutas y din\u00e1micas de trabajo para potenciar la movilidad art\u00edstica y los procesos creativos de largo recorrido.<\/p>\n<p>Encontrar\u00e1s informaci\u00f3n completa del proyecto <a href=\"http:\/\/granerbcn.cat\/wp-content\/uploads\/DOSSIER_GRANER_FF80_COMPLETO_CAST_low.pdf\" target=\"_blank\"><span style=\"color: #0000ff;\"><strong>AQU\u00cd<\/strong> <\/span><\/a><\/p>\n","protected":false},"excerpt":{"rendered":"<p>Por segundo a\u00f1o consecutivo, el Graner-Mercat de les Flors y [&hellip;]<\/p>\n","protected":false},"author":1,"featured_media":0,"comment_status":"open","ping_status":"open","sticky":false,"template":"","format":"standard","meta":[],"categories":[16],"tags":[],"_links":{"self":[{"href":"https:\/\/old.mercatflors.cat\/es\/wp-json\/wp\/v2\/posts\/9368\/"}],"collection":[{"href":"https:\/\/old.mercatflors.cat\/es\/wp-json\/wp\/v2\/posts\/"}],"about":[{"href":"https:\/\/old.mercatflors.cat\/es\/wp-json\/wp\/v2\/types\/post\/"}],"author":[{"embeddable":true,"href":"https:\/\/old.mercatflors.cat\/es\/wp-json\/wp\/v2\/users\/1\/"}],"replies":[{"embeddable":true,"href":"https:\/\/old.mercatflors.cat\/es\/wp-json\/wp\/v2\/comments\/?post=9368"}],"version-history":[{"count":0,"href":"https:\/\/old.mercatflors.cat\/es\/wp-json\/wp\/v2\/posts\/9368\/revisions\/"}],"wp:attachment":[{"href":"https:\/\/old.mercatflors.cat\/es\/wp-json\/wp\/v2\/media\/?parent=9368"}],"wp:term":[{"taxonomy":"category","embeddable":true,"href":"https:\/\/old.mercatflors.cat\/es\/wp-json\/wp\/v2\/categories\/?post=9368"},{"taxonomy":"post_tag","embeddable":true,"href":"https:\/\/old.mercatflors.cat\/es\/wp-json\/wp\/v2\/tags\/?post=9368"}],"curies":[{"name":"wp","href":"https:\/\/api.w.org\/{rel}","templated":true}]}}