{"id":9690,"date":"2014-01-20T12:22:53","date_gmt":"2014-01-20T11:22:53","guid":{"rendered":"https:\/\/old.mercatflors.cat\/?p=9690"},"modified":"2014-02-05T10:23:41","modified_gmt":"2014-02-05T09:23:41","slug":"presentacion-del-documental-cos-a-laire-peus-a-terra-sobre-mal-pelo-realizado-por-nuria-font","status":"publish","type":"post","link":"https:\/\/old.mercatflors.cat\/es\/actualidad\/presentacion-del-documental-cos-a-laire-peus-a-terra-sobre-mal-pelo-realizado-por-nuria-font\/","title":{"rendered":"Presentaci\u00f3n del documental &#8216;Cos a l\u2019aire, peus a terra&#8217; sobre Mal Pelo, realizado por N\u00faria Font"},"content":{"rendered":"<p><strong>El pr\u00f3ximo martes 4 de febrero se presentar\u00e1 en la Filmoteca de Catalunya, a las 20:00h, el documental <i>Cos a l\u2019aire, peus al terra<\/i>, de N\u00faria Font. La presentaci\u00f3n ir\u00e1 a cargo de la propia realizadora.<\/strong><\/p>\n<p>Aqu\u00ed pod\u00e9is ver un trailer<\/p>\n<p><iframe loading=\"lazy\" src=\"\/\/www.youtube.com\/embed\/4qZ6G8nI-kU\" height=\"315\" width=\"560\" allowfullscreen=\"\" frameborder=\"0\"><\/iframe><\/p>\n<p>Esta actividad est\u00e1 organizada con la colaboraci\u00f3n del Mercat de les Flors y tiene lugar con ocasi\u00f3n del estreno del \u00faltimo espect\u00e1culo de Mal Pelo <i>L&#8217;esperan\u00e7a de vida d&#8217;una llebre<\/i> al Mercat (del 30 de enero al 2 de febrero y del 5 al 9 de febrero).<\/p>\n<p>Varias conversaciones y muchas im\u00e1genes acumuladas a lo largo de m\u00e1s de veinte a\u00f1os fruto de la colaboraci\u00f3n de N\u00faria Font con Mar\u00eda Mu\u00f1oz y Pep Ramis construyen esta mirada a la obra esc\u00e9nica y la manera de vivir y trabajar de los directores de Mal Pelo.<\/p>\n<p>\u201cVivo en el Giron\u00e8s, a tres estaciones de Celr\u00e0, el pueblo que acoge la casa y la sede de Mal Pelo. He colaborado con Mar\u00eda y Pep a lo largo de m\u00e1s de veinte a\u00f1os, realizando la documentaci\u00f3n videogr\u00e1fica de sus espect\u00e1culos y de los procesos de creaci\u00f3n. He visto construir L\u2019animal a l\u2019esquena, el centro de creaci\u00f3n que pusieron en marcha el a\u00f1o 2000 y que cont\u00f3 en una primera etapa con la colaboraci\u00f3n de Toni Cots.<\/p>\n<p>Esta larga e intensa relaci\u00f3n profesional y de amistad me impulsan a crear este documental. Lo construyo a partir de una serie de conversaciones mantenidas durante dos a\u00f1os y me centro sobre todo en los espect\u00e1culos que han producido en este per\u00edodo, para que nos hablen de c\u00f3mo han llegado a lo que son hoy, c\u00f3mo viven, piensan, construyen e imaginan una vida que gira alrededor del cuerpo y el movimiento como materia para la creaci\u00f3n.\u201d N\u00faria Font<\/p>\n<p><strong><span style=\"text-decoration: underline;\">\u00a0N\u00faria Font Sol\u00e0 \u2013 (Capellades 1958)<br \/>\n<\/span>Como videasta<\/strong> destaca su colaboraci\u00f3n con dos compa\u00f1\u00edas: \u00c0ngels Margarit\/Mudances y Mal Pelo, con quien ha creado obras de v\u00eddeodanza, ha realizado intervenciones videogr\u00e1ficas en sus espect\u00e1culos y ha documentado el trabajo de las dos compa\u00f1\u00edas desde casi sus inicios.<\/p>\n<p><strong>Como curadora de v\u00eddeodanza y danza interactiva:\u00a0<\/strong>dirigi\u00f3, del 1984 al 2003, la Muestra de V\u00eddeodanza, bienal dedicada a las im\u00e1genes de la danza, as\u00ed como un gran n\u00famero de programas de v\u00eddeodanza en museos y centros de arte del mundo. Actualmente dirige el proyecto de actividades de NU2\u2019S, asociaci\u00f3n para la creaci\u00f3n que organiza, entre otros, el festival internacional IDN en colaboraci\u00f3n con el Mercat de les Flors, produce y difunde espect\u00e1culos interactivos y creaciones audiovisuales de danza y dirige los Laboratorios de investigaci\u00f3n en L\u2019animal a l\u2019esquena.<\/p>\n<p><strong>En el terreno de la formaci\u00f3n<\/strong> imparte regularmente talleres y conferencias sobre v\u00eddeodanza y danza interactiva en todo el mundo y cursos especializados en eL Institut del Teatre de Barcelona y el Conservatorio Superior de Danza Mar\u00eda de \u00c1vila de Madrid.<\/p>\n<p><strong>En 2009 fue galardonada con el Premio Nacional de Danza de la Generalitat de Catalunya.<\/strong><\/p>\n<p>Con la presencia de <strong>Mar\u00eda Mu\u00f1oz, Pep Ramis, Leo Castro, Jordi Casanovas, Mart\u00ed Ramis, Paula Ramis, Sam Ramis, Eduard Teixidor, Eduard Fern\u00e0ndez, John Berger, Steve Noble, Federica Porello, Enric F\u00e1bregas, Neus Vill\u00e0, Mariantonia Oliver, Jordi Bover, Pep Aimerich, Jordi Gal\u00ed, Xavi Bob\u00e9s, Mamen Juan Torres, Conrado Parodi, August Viladomat, Los dos los, Bar\u00f3 d\u2019Evel, Nico Baixas, Andr\u00e9s Corchero, Julyen Hamilton, loscorderos&#8230;<\/strong> y artistas y p\u00fablico que han participado en las actividades de L\u2019animal a l\u2019esquena.<br \/>\nM\u00fasica <strong>Steve Noble, Pep Ramis <\/strong>y las canciones \u201cGuarda Che Luna\u201d interpretada por Mario Mariani, \u00abConcerto XI a quattro in C minor I. Largo\u00bb de Pietro Locatelli, \u00abEl clavec\u00edn bien temperado\u00bb de Johan Sebastian Bach, \u00abAvec le temps\u00bb de Leo Ferr\u00e9 interpretado por Salif Ke\u00efta, \u00abContigo aprend\u00ed\u00bb de Los Panchos.<br \/>\nFotograf\u00edas <strong>Jordi Bover<\/strong><br \/>\nDibujos <strong>Pep Ramis<\/strong><br \/>\nC\u00e1meras <strong>Bene Jouillas, Eric de Gisbert, N\u00faria Font<\/strong><br \/>\nMontaje <strong>N\u00faria Font<\/strong><br \/>\nEdici\u00f3n y post-producci\u00f3n <strong>Xavier P\u00e9rez\u00b7 Fromzero<\/strong><br \/>\nProducci\u00f3n <strong>N\u00faria Font\/NU2\u2019S<\/strong><br \/>\nDuraci\u00f3n: 53 min. Versi\u00f3n original catal\u00e1n\/castellano<\/p>\n","protected":false},"excerpt":{"rendered":"<p>El pr\u00f3ximo martes 4 de febrero se presentar\u00e1 en la [&hellip;]<\/p>\n","protected":false},"author":1,"featured_media":0,"comment_status":"open","ping_status":"open","sticky":false,"template":"","format":"standard","meta":[],"categories":[16],"tags":[],"_links":{"self":[{"href":"https:\/\/old.mercatflors.cat\/es\/wp-json\/wp\/v2\/posts\/9690\/"}],"collection":[{"href":"https:\/\/old.mercatflors.cat\/es\/wp-json\/wp\/v2\/posts\/"}],"about":[{"href":"https:\/\/old.mercatflors.cat\/es\/wp-json\/wp\/v2\/types\/post\/"}],"author":[{"embeddable":true,"href":"https:\/\/old.mercatflors.cat\/es\/wp-json\/wp\/v2\/users\/1\/"}],"replies":[{"embeddable":true,"href":"https:\/\/old.mercatflors.cat\/es\/wp-json\/wp\/v2\/comments\/?post=9690"}],"version-history":[{"count":0,"href":"https:\/\/old.mercatflors.cat\/es\/wp-json\/wp\/v2\/posts\/9690\/revisions\/"}],"wp:attachment":[{"href":"https:\/\/old.mercatflors.cat\/es\/wp-json\/wp\/v2\/media\/?parent=9690"}],"wp:term":[{"taxonomy":"category","embeddable":true,"href":"https:\/\/old.mercatflors.cat\/es\/wp-json\/wp\/v2\/categories\/?post=9690"},{"taxonomy":"post_tag","embeddable":true,"href":"https:\/\/old.mercatflors.cat\/es\/wp-json\/wp\/v2\/tags\/?post=9690"}],"curies":[{"name":"wp","href":"https:\/\/api.w.org\/{rel}","templated":true}]}}