{"id":9703,"date":"2014-01-20T15:54:36","date_gmt":"2014-01-20T14:54:36","guid":{"rendered":"https:\/\/old.mercatflors.cat\/?p=9703"},"modified":"2014-04-09T11:25:14","modified_gmt":"2014-04-09T10:25:14","slug":"danza-y-escuela-abierta-la-inscripcion-al-curso-de-profesorado-2014","status":"publish","type":"post","link":"https:\/\/old.mercatflors.cat\/es\/actualidad\/danza-y-escuela-abierta-la-inscripcion-al-curso-de-profesorado-2014\/","title":{"rendered":"Danza y Escuela: Abierta la inscripci\u00f3n al Curso de Profesorado 2014"},"content":{"rendered":"<p>Bajo el t\u00edtulo <b>\u201cExperiencias que se comparten: core\u00f3grafos y docentes en di\u00e1logo\u201d,<\/b> este a\u00f1o el programa del curso promueve, a trav\u00e9s del encuentro y el intercambio entre los profesionales de la educaci\u00f3n y creadores, compartir y debatir estrategias, metodolog\u00edas y pensamiento.<\/p>\n<p>Con la voluntad de acompa\u00f1ar a los educadores y la escuela, la formaci\u00f3n se dirige a docentes de todos los niveles educativos -guarder\u00edas, educaci\u00f3n infantil, primaria e institutos-. Se organiza de febrero a marzo de 2014, con un total de 20 horas en modalidad presencial repartidas en 7 sesiones de asistencia obligatoria. El profesorado escogido para la formaci\u00f3n, tanto te\u00f3rica como pr\u00e1ctica, es seleccionado por los especialistas y colaboradores habituales del servicio educativo del Mercat de les Flors con el fin de garantizar los criterios de calidad que exigen los Centros de Recursos Pedag\u00f3gicos en las formaciones regladas y para dar el m\u00e1ximo grade de satisfacci\u00f3n y calidad a los profesores inscritos.<\/p>\n<p>El curso se organiza desde el a\u00f1o 2007 y est\u00e1 reconocido por el Departament d\u2019Ensenyament de la Generalitat de\u00a0Catalunya dentro de su Plan de Formaci\u00f3n a Personal Docente.<\/p>\n<p><span style=\"color: #0000ff;\"><a href=\"https:\/\/old.mercatflors.cat\/es\/formacion-de-profesorado\/\"><span style=\"text-decoration: underline; color: #0000ff;\">Inscripciones y programa completo <span style=\"color: #0000ff; text-decoration: underline;\"><strong>AQU\u00cd<\/strong><\/span><\/span><\/a><\/span><\/p>\n","protected":false},"excerpt":{"rendered":"<p>Bajo el t\u00edtulo \u201cExperiencias que se comparten: core\u00f3grafos y docentes [&hellip;]<\/p>\n","protected":false},"author":1,"featured_media":0,"comment_status":"open","ping_status":"open","sticky":false,"template":"","format":"standard","meta":[],"categories":[16],"tags":[],"_links":{"self":[{"href":"https:\/\/old.mercatflors.cat\/es\/wp-json\/wp\/v2\/posts\/9703\/"}],"collection":[{"href":"https:\/\/old.mercatflors.cat\/es\/wp-json\/wp\/v2\/posts\/"}],"about":[{"href":"https:\/\/old.mercatflors.cat\/es\/wp-json\/wp\/v2\/types\/post\/"}],"author":[{"embeddable":true,"href":"https:\/\/old.mercatflors.cat\/es\/wp-json\/wp\/v2\/users\/1\/"}],"replies":[{"embeddable":true,"href":"https:\/\/old.mercatflors.cat\/es\/wp-json\/wp\/v2\/comments\/?post=9703"}],"version-history":[{"count":0,"href":"https:\/\/old.mercatflors.cat\/es\/wp-json\/wp\/v2\/posts\/9703\/revisions\/"}],"wp:attachment":[{"href":"https:\/\/old.mercatflors.cat\/es\/wp-json\/wp\/v2\/media\/?parent=9703"}],"wp:term":[{"taxonomy":"category","embeddable":true,"href":"https:\/\/old.mercatflors.cat\/es\/wp-json\/wp\/v2\/categories\/?post=9703"},{"taxonomy":"post_tag","embeddable":true,"href":"https:\/\/old.mercatflors.cat\/es\/wp-json\/wp\/v2\/tags\/?post=9703"}],"curies":[{"name":"wp","href":"https:\/\/api.w.org\/{rel}","templated":true}]}}