{"id":9771,"date":"2014-01-27T18:03:48","date_gmt":"2014-01-27T17:03:48","guid":{"rendered":"https:\/\/old.mercatflors.cat\/?p=9771"},"modified":"2014-01-29T11:21:09","modified_gmt":"2014-01-29T10:21:09","slug":"presentacion-nuevo-libro-de-mal-pelo-el-martes-en-la-central-del-raval","status":"publish","type":"post","link":"https:\/\/old.mercatflors.cat\/es\/actualidad\/presentacion-nuevo-libro-de-mal-pelo-el-martes-en-la-central-del-raval\/","title":{"rendered":"Presentaci\u00f3n nuevo libro de Mal Pelo el martes en La Central del Raval"},"content":{"rendered":"<p>El martes 28 de febrero, a las 19 horas, Mal pelo presenta en colaboraci\u00f3n con Edicions Pol\u00edgrafa su nueva publicaci\u00f3n, el libro-dvd <em>Swimming Horses<\/em>.<\/p>\n<p><em>Swimming Horses<\/em> nace del deseo de hacer una revisi\u00f3n de los elementos que han acompa\u00f1ado las creaciones de Mal Pelo a lo largo de los \u00faltimos 12 a\u00f1os. El libro contiene, por un lado, fotograf\u00edas de Jordi Bover que, adem\u00e1s de la fuerza visual y la profundidad que contienen, permiten observar diversos aspectos del trabajo de Maria Mu\u00f1oz y Pep Ramis: el movimiento, el uso de los objetos, la iluminaci\u00f3n, la gestualidad y la presencia, las tensiones del espacio y algunos c\u00f3digos y herramientas que se utilizan en escena.<\/p>\n<p>Por otro lado, se incorporan voces de personas que han seguido la evoluci\u00f3n del grupo, su mirada precisa sobre nuestra manera de habitar la escena o de construir una dramaturgia fragmentada que se apoya en diferentes lenguajes y en la fuerza de los int\u00e9rpretes.<\/p>\n<p>Presentan el acto:<\/p>\n<p><strong>Francisco Rei,<\/strong> director Edicions Pol\u00edgrafa<br \/>\n<strong>Imma Merino<\/strong>, periodista y profesora de la UdG<br \/>\n<strong>Lali Bosch<\/strong>, escritora y comisaria de exposiciones<br \/>\n<strong>Jordi Bover<\/strong>, fot\u00f3grafo de artes esc\u00e9nicas<br \/>\n<strong>Maria Mu\u00f1oz y Pep Ramis<\/strong>, codirectores art\u00edsticos de Mal Pelo y editores de <em>Swimming Horses<\/em><\/p>\n","protected":false},"excerpt":{"rendered":"<p>El martes 28 de febrero, a las 19 horas, Mal [&hellip;]<\/p>\n","protected":false},"author":1,"featured_media":0,"comment_status":"open","ping_status":"open","sticky":false,"template":"","format":"standard","meta":[],"categories":[16],"tags":[],"_links":{"self":[{"href":"https:\/\/old.mercatflors.cat\/es\/wp-json\/wp\/v2\/posts\/9771\/"}],"collection":[{"href":"https:\/\/old.mercatflors.cat\/es\/wp-json\/wp\/v2\/posts\/"}],"about":[{"href":"https:\/\/old.mercatflors.cat\/es\/wp-json\/wp\/v2\/types\/post\/"}],"author":[{"embeddable":true,"href":"https:\/\/old.mercatflors.cat\/es\/wp-json\/wp\/v2\/users\/1\/"}],"replies":[{"embeddable":true,"href":"https:\/\/old.mercatflors.cat\/es\/wp-json\/wp\/v2\/comments\/?post=9771"}],"version-history":[{"count":0,"href":"https:\/\/old.mercatflors.cat\/es\/wp-json\/wp\/v2\/posts\/9771\/revisions\/"}],"wp:attachment":[{"href":"https:\/\/old.mercatflors.cat\/es\/wp-json\/wp\/v2\/media\/?parent=9771"}],"wp:term":[{"taxonomy":"category","embeddable":true,"href":"https:\/\/old.mercatflors.cat\/es\/wp-json\/wp\/v2\/categories\/?post=9771"},{"taxonomy":"post_tag","embeddable":true,"href":"https:\/\/old.mercatflors.cat\/es\/wp-json\/wp\/v2\/tags\/?post=9771"}],"curies":[{"name":"wp","href":"https:\/\/api.w.org\/{rel}","templated":true}]}}