{"id":9805,"date":"2014-01-31T12:53:56","date_gmt":"2014-01-31T11:53:56","guid":{"rendered":"https:\/\/old.mercatflors.cat\/?p=9805"},"modified":"2014-04-09T11:24:23","modified_gmt":"2014-04-09T10:24:23","slug":"arts-santa-monica-dedica-una-muestra-al-artista-marcel%e2%80%a2li-antunez-roca","status":"publish","type":"post","link":"https:\/\/old.mercatflors.cat\/es\/actualidad\/arts-santa-monica-dedica-una-muestra-al-artista-marcel%e2%80%a2li-antunez-roca\/","title":{"rendered":"Arts Santa M\u00f2nica dedica una muestra al artista Marcel\u2022l\u00ed Ant\u00fanez Roca"},"content":{"rendered":"<p>Con el nombre de <i>SISTEMAT\u00daRGIA. Accions, dispositius i dibuixos<\/i>, la muestra re\u00fane todo el universo creativo de este artista fundamental de la escena catalana contempor\u00e1nea. Esta exposici\u00f3n se podr\u00e1 ver del 4 de febrero al 6 de abril de 2014.<\/p>\n<p>Marcel\u00b7l\u00ed Ant\u00fanez Roca presenta con esta exposici\u00f3n una muestra de su universo creativo a partir de los proyectos realizados en los \u00faltimos 30 a\u00f1os. El concepto central del proyecto es su metodolog\u00eda, la Sistemat\u00fargia; entendida como una dramaturgia de sistemas computacionales, \u00e9sta nos propone un procedimiento h\u00edbrido que combina, entre otros, elementos audiovisuales, interfaces corporales y elementos rob\u00f3ticos que se manifiestan en forma de performances e instalaciones interactivas.<\/p>\n<p>La Sistematurgia afecta no s\u00f3lo a la manera interactiva de la reproducci\u00f3n de las obras sino tambi\u00e9n a su procedimiento creativo. Es desde esta perspectiva que la exposici\u00f3n muestra desde los elementos preliminares, tales como ciertas tipolog\u00edas de dibujo, hasta una gran selecci\u00f3n de las instalaciones y algunas de sus performances.<\/p>\n<p>Marcel\u00b7l\u00ed pone de relieve, por primera vez en esta exposici\u00f3n y en un espacio destinado a este prop\u00f3sito, algunos de sus prototipos, tanto interfaces como robots que conforman este universo sistemat\u00fargico.<\/p>\n<p>A lo largo del per\u00edodo de la exposici\u00f3n tambi\u00e9n se mostrar\u00e1 el proceso de creaci\u00f3n de una pieza <i>site specific<\/i>, el Mural SADDi que se realizar\u00e1 en la escalera de Arts Santa M\u00f2nica.<\/p>\n<p>La muestra celebra un extenso programa de actividades relacionadas con la exposici\u00f3n: tendr\u00e1n lugar acciones en vivo i otras actividades complementarias, como pases de films o jornadas te\u00f3ricas, y contar\u00e1 con algunos invitados que han colaborado a lo largo de estos a\u00f1os con Marcel\u00b7l\u00ed Ant\u00fanez Roca.<\/p>\n<p>El Mercat de les Flors es entidad colaboradora de esta exposici\u00f3n.<\/p>\n<p>M\u00e1s informaci\u00f3n <a href=\"http:\/\/www.artssantamonica.cat\/EXP\/EXPOSICIONS\/tabid\/128\/any\/201402\/language\/es-ES\/Default.aspx#exposicio91\" target=\"_blank\">AQU\u00cd<\/a><\/p>\n","protected":false},"excerpt":{"rendered":"<p>Con el nombre de SISTEMAT\u00daRGIA. Accions, dispositius i dibuixos, la [&hellip;]<\/p>\n","protected":false},"author":1,"featured_media":0,"comment_status":"open","ping_status":"open","sticky":false,"template":"","format":"standard","meta":[],"categories":[16],"tags":[],"_links":{"self":[{"href":"https:\/\/old.mercatflors.cat\/es\/wp-json\/wp\/v2\/posts\/9805\/"}],"collection":[{"href":"https:\/\/old.mercatflors.cat\/es\/wp-json\/wp\/v2\/posts\/"}],"about":[{"href":"https:\/\/old.mercatflors.cat\/es\/wp-json\/wp\/v2\/types\/post\/"}],"author":[{"embeddable":true,"href":"https:\/\/old.mercatflors.cat\/es\/wp-json\/wp\/v2\/users\/1\/"}],"replies":[{"embeddable":true,"href":"https:\/\/old.mercatflors.cat\/es\/wp-json\/wp\/v2\/comments\/?post=9805"}],"version-history":[{"count":0,"href":"https:\/\/old.mercatflors.cat\/es\/wp-json\/wp\/v2\/posts\/9805\/revisions\/"}],"wp:attachment":[{"href":"https:\/\/old.mercatflors.cat\/es\/wp-json\/wp\/v2\/media\/?parent=9805"}],"wp:term":[{"taxonomy":"category","embeddable":true,"href":"https:\/\/old.mercatflors.cat\/es\/wp-json\/wp\/v2\/categories\/?post=9805"},{"taxonomy":"post_tag","embeddable":true,"href":"https:\/\/old.mercatflors.cat\/es\/wp-json\/wp\/v2\/tags\/?post=9805"}],"curies":[{"name":"wp","href":"https:\/\/api.w.org\/{rel}","templated":true}]}}