{"id":9936,"date":"2014-02-12T12:28:44","date_gmt":"2014-02-12T11:28:44","guid":{"rendered":"https:\/\/old.mercatflors.cat\/?p=9936"},"modified":"2014-04-09T11:22:39","modified_gmt":"2014-04-09T10:22:39","slug":"el-musico-y-compositor-steve-reich-recibe-el-premio-fundacion-bbva-el-mas-importante-del-mundo","status":"publish","type":"post","link":"https:\/\/old.mercatflors.cat\/es\/actualidad\/el-musico-y-compositor-steve-reich-recibe-el-premio-fundacion-bbva-el-mas-importante-del-mundo\/","title":{"rendered":"El m\u00fasico y compositor Steve Reich recibe el Premio Fundaci\u00f3n BBVA, el m\u00e1s importante del mundo"},"content":{"rendered":"<p><strong>En el Mercat escucharemos en directo una composici\u00f3n suya el el espect\u00e1culo &#8216;Drumming live&#8217;, de la compa\u00f1\u00eda ROSAS<\/strong><\/p>\n<p>En la categor\u00eda de m\u00fasica contempor\u00e1nea, el m\u00fasico norteamericano Steve Reich ha recibido el galard\u00f3n m\u00e1s importante en esta materia, el Premio Fundaci\u00f3n BBVA Fronteras del Conocimiento.<\/p>\n<p>El jurado ha destacado \u201csu capacidad para renovar el lenguaje musical, conectando la m\u00fasica culta con la popular y la tradici\u00f3n europea con la m\u00fasica tradicional de \u00c1frica y Asia\u201d.<\/p>\n<p>Nacido en 1936 en Nueva York, Reich ha sido influencia para m\u00fasicos como Laurie Anderson, David Bowie, Pink Floid o Peter Gabriel. Y desde el Mercat destacamos la colaboraci\u00f3n habitual con la core\u00f3grafa belga Anne Teresa de Keersmaeker y su hist\u00f3rica compa\u00f1\u00eda Rosas. Esta compa\u00f1\u00eda presentar\u00e1 del 27 al 30 de marzo el espect\u00e1culo <em>Drumming live<\/em>, que contar\u00e1 con la m\u00fasica en directo de Steve Reich interpretada por el grupo Ictus y m\u00fasicos de la Escuela Superior de M\u00fasica de Catalunya ESMUC.<\/p>\n<p><a href=\"https:\/\/old.mercatflors.cat\/es\/espectacle\/drumming-3\/ \" target=\"_blank\"><span style=\"color: #0000ff;\"><strong>El espect\u00e1culo<\/strong><\/span><\/a><\/p>\n<p><img decoding=\"async\" loading=\"lazy\" class=\"alignleft size-full wp-image-9947\" alt=\"Steve-Reich_photo_credit_Jeffrey_Herman\" src=\"https:\/\/old.mercatflors.cat\/wp-content\/uploads\/2014\/02\/Steve-Reich_photo_credit_Je.jpg\" width=\"350\" height=\"200\" srcset=\"https:\/\/old.mercatflors.cat\/wp-content\/uploads\/2014\/02\/Steve-Reich_photo_credit_Je.jpg 350w, https:\/\/old.mercatflors.cat\/wp-content\/uploads\/2014\/02\/Steve-Reich_photo_credit_Je-223x127.jpg 223w\" sizes=\"(max-width: 350px) 100vw, 350px\" \/><\/p>\n","protected":false},"excerpt":{"rendered":"<p>En el Mercat escucharemos en directo una composici\u00f3n suya el [&hellip;]<\/p>\n","protected":false},"author":1,"featured_media":0,"comment_status":"open","ping_status":"open","sticky":false,"template":"","format":"standard","meta":[],"categories":[16],"tags":[],"_links":{"self":[{"href":"https:\/\/old.mercatflors.cat\/es\/wp-json\/wp\/v2\/posts\/9936\/"}],"collection":[{"href":"https:\/\/old.mercatflors.cat\/es\/wp-json\/wp\/v2\/posts\/"}],"about":[{"href":"https:\/\/old.mercatflors.cat\/es\/wp-json\/wp\/v2\/types\/post\/"}],"author":[{"embeddable":true,"href":"https:\/\/old.mercatflors.cat\/es\/wp-json\/wp\/v2\/users\/1\/"}],"replies":[{"embeddable":true,"href":"https:\/\/old.mercatflors.cat\/es\/wp-json\/wp\/v2\/comments\/?post=9936"}],"version-history":[{"count":0,"href":"https:\/\/old.mercatflors.cat\/es\/wp-json\/wp\/v2\/posts\/9936\/revisions\/"}],"wp:attachment":[{"href":"https:\/\/old.mercatflors.cat\/es\/wp-json\/wp\/v2\/media\/?parent=9936"}],"wp:term":[{"taxonomy":"category","embeddable":true,"href":"https:\/\/old.mercatflors.cat\/es\/wp-json\/wp\/v2\/categories\/?post=9936"},{"taxonomy":"post_tag","embeddable":true,"href":"https:\/\/old.mercatflors.cat\/es\/wp-json\/wp\/v2\/tags\/?post=9936"}],"curies":[{"name":"wp","href":"https:\/\/api.w.org\/{rel}","templated":true}]}}